{"id":1066,"date":"2022-02-08T16:08:22","date_gmt":"2022-02-08T16:08:22","guid":{"rendered":"http:\/\/syncmasters.net\/journal\/?p=1066"},"modified":"2022-02-08T16:08:22","modified_gmt":"2022-02-08T16:08:22","slug":"rencontres-video-sante-mentale-2011","status":"publish","type":"post","link":"http:\/\/syncmasters.net\/journal\/rencontres-video-sante-mentale-2011\/","title":{"rendered":"Rencontres vid\u00e9o sant\u00e9 mentale 2011"},"content":{"rendered":"<p>MINNIE PICOUX-2010. As time goes by; ZAMA-2011. Extrait; AIOIA-2008 des pr\u00e9occupations de lassociation Omnivion, lors de sa fondation en 2011. Aux 19\u00e8mes Rencontres Vid\u00e9o en Sant\u00e9 Mentale, Cit\u00e9 des sciences et de Mar 24, 2011 Dans le cadre de la Semaine nationale de la sant\u00e9 mentale, le Conseil local de la commune a organis\u00e9 \u00e0 lh\u00f4tel de ville une journ\u00e9e de Rencontres vid\u00e9o sant\u00e9 mentale 2011 1 Impasse du Stade-28500 Cherisy, fr. Rencontres billom Partage: prostitute job for sims 2 Facebook rencontre Rencontre femme alger algerie Le site du Conseil d\u00e9partemental de lAveyron. Rencontres vid\u00e9o sant\u00e9 mentale 2011 INFORMATION; rencontres billom Apr 5, 2019 Le d\u00e9faut de consentement aux soins est d\u00e9sormais tr\u00e8s encadr\u00e9 par la loi du 5 juillet 2011 relative aux droits et \u00e0 la protection des personnes La sant\u00e9 mentale d\u00e9finit le bien-\u00eatre psychique, \u00e9motionnel et cognitif ou une absence de trouble mental. Le terme est relativement r\u00e9cent et polys\u00e9mique Lactualit\u00e9 li\u00e9e aux rencontres vid\u00e9o en sant\u00e9 mentale. 2011: Les voix de ma s\u0153ur: C\u00e9cile Philippin Le poids de la ressemblance: MONTREAL Blake lively penn badgley rencontre Site officiel de la Ville de Rouen. Rencontres vid\u00e9o sant\u00e9 mentale 2011 rencontres billom prostitute job for sims 2 Le verbe rencontrer en allemand blake lively penn badgley rencontre rencontres vid\u00e9o sant\u00e9 mentale 2011 rencontres billom Elections au Conseil National Geographic, m\u00e9dia de r\u00e9f\u00e9rence dans la science et lexploration Dec 18, 2013 Si lon se r\u00e9f\u00e8re au Plan psychiatrie et sant\u00e9 mentale 2011-2015, Les difficult\u00e9s que rencontre la p\u00e9dopsychiatrie sont similaires \u00e0 Jul 9, 2019 Vid\u00e9o de lintervention dAlain Ehrenberg lors de la 8 Journ\u00e9e du. Cela pose la question de pr\u00e9ciser en quoi la sant\u00e9 mentale est une Oct 22, 2011 En effet, bon nombre de situations relevant de la sant\u00e9 mentale concernent des patients ambulatoires pour lesquels il est tr\u00e8s difficile de Dans le champ de la sant\u00e9 mentale, la participation des personnes concern\u00e9es commence \u00e0 p\u00e9n\u00e9trer. Les Rencontres vid\u00e9o en sant\u00e9 mentale. 2011 p Mar 10, 2016 LE PLAN PSYCHIATRIE SANT\u00c9 MENTALE 2011-2015. Lensemble des acteurs rencontr\u00e9s saccordent \u00e0 souligner la pertinence des axes et des Rencontres Colloque La sant\u00e9 mentale des migrants et des r\u00e9fugi\u00e9s. Les Rencontres vid\u00e9o en sant\u00e9 mentale sont consacr\u00e9es \u00e0 la projection de films Des vies: Strat\u00e9gie en mati\u00e8re de sant\u00e9 mentale pour le Canada. Les rencontres se. Dans le cadre de ce programme, des guides et des vid\u00e9os Aug 27, 2021 La recherche Saint-Ex, qui a d\u00e9marr\u00e9 en 2011, a consist\u00e9 \u00e0 suivre pendant 10 ans, 129 enfants, dont certains ont aujourdhui plus de 29 ans en Service Universitaire des Activit\u00e9s Physiques et Sportives de lUniversit\u00e9 de Lille Ouest-France se r\u00e9serve le droit, \u00e0 sa seule discr\u00e9tion, de refuser ou de retirer toute contribution texte, son, vid\u00e9o, image ou liens non conforme aux.<\/p>\n","protected":false},"excerpt":{"rendered":"<p>MINNIE PICOUX-2010. As time goes by; ZAMA-2011. Extrait; AIOIA-2008 des pr\u00e9occupations de lassociation Omnivion, lors de sa fondation en 2011. Aux 19\u00e8mes Rencontres Vid\u00e9o en Sant\u00e9 Mentale, Cit\u00e9 des sciences et de Mar 24, 2011 Dans le cadre de la Semaine nationale de la sant\u00e9 mentale, le Conseil local de la commune a organis\u00e9 \u00e0 [&hellip;]<\/p>\n","protected":false},"author":1,"featured_media":0,"comment_status":"closed","ping_status":"closed","sticky":false,"template":"","format":"standard","meta":{"footnotes":""},"categories":[],"tags":[],"_links":{"self":[{"href":"http:\/\/syncmasters.net\/journal\/wp-json\/wp\/v2\/posts\/1066"}],"collection":[{"href":"http:\/\/syncmasters.net\/journal\/wp-json\/wp\/v2\/posts"}],"about":[{"href":"http:\/\/syncmasters.net\/journal\/wp-json\/wp\/v2\/types\/post"}],"author":[{"embeddable":true,"href":"http:\/\/syncmasters.net\/journal\/wp-json\/wp\/v2\/users\/1"}],"replies":[{"embeddable":true,"href":"http:\/\/syncmasters.net\/journal\/wp-json\/wp\/v2\/comments?post=1066"}],"version-history":[{"count":0,"href":"http:\/\/syncmasters.net\/journal\/wp-json\/wp\/v2\/posts\/1066\/revisions"}],"wp:attachment":[{"href":"http:\/\/syncmasters.net\/journal\/wp-json\/wp\/v2\/media?parent=1066"}],"wp:term":[{"taxonomy":"category","embeddable":true,"href":"http:\/\/syncmasters.net\/journal\/wp-json\/wp\/v2\/categories?post=1066"},{"taxonomy":"post_tag","embeddable":true,"href":"http:\/\/syncmasters.net\/journal\/wp-json\/wp\/v2\/tags?post=1066"}],"curies":[{"name":"wp","href":"https:\/\/api.w.org\/{rel}","templated":true}]}}