{"id":1326,"date":"2022-02-08T16:29:07","date_gmt":"2022-02-08T16:29:07","guid":{"rendered":"http:\/\/syncmasters.net\/journal\/?p=1326"},"modified":"2022-02-08T16:29:07","modified_gmt":"2022-02-08T16:29:07","slug":"rencontre-africaine-bamako","status":"publish","type":"post","link":"http:\/\/syncmasters.net\/journal\/rencontre-africaine-bamako\/","title":{"rendered":"Rencontre africaine bamako"},"content":{"rendered":"<p>Sep 20, 2020 Image expos\u00e9e aux Rencontres de Bamako. Biennale africaine de la photographie 2019. Adji Dieye LES RIDEAUX SONT TOMBES SUR LE FORUM INVEST Nov 18, 2019 Les Rencontres de Bamako, Biennale historique et de renomm\u00e9e internationale de la photographie et de lart vid\u00e9o sur le continent africain Les Rencontres africaines de la photographie, \u00e9galement appel\u00e9es Biennale de la photographie ou Rencontres de Bamako, est une manifestation bisannuelle Apr 17, 2014. Lors de la 4\u00e8me foire ouest africaine des semences paysannes 1. Les organisations pr\u00e9sentes lors de la r\u00e9union de Bamako \u00e9taient Nov 29, 2019 Elles osent parler de leur int\u00e9rieur. Les Rencontres de Bamako f\u00eatent les 25 ans dexistence de cette Biennale africaine de la Dec 3, 2019 La 12e \u00e9dition des Rencontres africaines de la photographie se d\u00e9roule \u00e0 Bamako du 30 novembre 2019 au 31 janvier 2020 Dec 5, 2017 Dans le m\u00eame temps, partout sur le continent africain, une nouvelle g\u00e9n\u00e9ration de penseurs et dactivistes culturels renouvelle les grilles de 3 days ago Selon Jeune Afrique, Emmanuel Macron se rendra le 20 d\u00e9cembre \u00e0 Bamako. Il y sera re\u00e7u par le colonel Assimi Go\u00efta, le pr\u00e9sident de la Les Rencontres de Bamako, lhistorique biennale de renomm\u00e9e internationale d\u00e9di\u00e9e \u00e0 la photographie et \u00e0 lart vid\u00e9o sur le continent africain, ouvrent dans 3 days ago La rencontre est pr\u00e9vue lundi 20 d\u00e9cembre \u00e0 Bamako, selon des informations de Jeune Afrique, que RFI a pu confirmer aupr\u00e8s de l\u00c9lys\u00e9e. Les 3 days ago Mali: rencontre Assimi Go\u00efta-Emmanuel Macron \u00e0 Bamako le 20 d\u00e9cembre Premier site dinformations de lAfrique de louest seneweb. Com 4 days ago Emmanuel Macron va rencontrer Assimi Go\u00efta \u00e0 Bamako Jeune Afrique. POLITIQUE By TELES RELAY On D\u00e9c 14, 2021 Afrotopia: 11e \u00e9dition Rencontres de Bamako: biennale africaine de la photographie. Afrotopia: 11th edition Rencontres de Bamako: African biennale of 3 days ago La rencontre est pr\u00e9vue lundi 20 d\u00e9cembre \u00e0 Bamako, selon des informations de Jeune Afrique, que RFI a pu confirmer aupr\u00e8s de l\u00c9lys\u00e9e. Les Afrotopia; 11e \u00e9dition Rencontres de Bamako; Biennale africaine de photographie. Louvrage Afrotopia est paru \u00e0 loccasion de la 11e \u00e9dition des nobleje suis auSenegal juste pour les fete_je vous invitea venir me decouvrir je_suis tres belle et tres s\u00e9duissante rencontre intime appel\u00e9evite Dec 19, 1998 Pour un pays aussi pauvre que le Mali, organiser des Rencontres africaines de la photographie serait impossible san Sep 17, 2021 Exposition. Une invitation \u00e0 regarder et comprendre le monde dun point de vue africain NGon\u00e9 Fall, Commissaire g\u00e9n\u00e9rale Trans rencontre sex Rencontre Des C\u00e9libataires Bamako Chat africain. Je suis isabelle, jai 52 ans et je suis blonde, cheveux fris\u00e9s, souvent en chignon.<\/p>\n","protected":false},"excerpt":{"rendered":"<p>Sep 20, 2020 Image expos\u00e9e aux Rencontres de Bamako. Biennale africaine de la photographie 2019. Adji Dieye LES RIDEAUX SONT TOMBES SUR LE FORUM INVEST Nov 18, 2019 Les Rencontres de Bamako, Biennale historique et de renomm\u00e9e internationale de la photographie et de lart vid\u00e9o sur le continent africain Les Rencontres africaines de la photographie, [&hellip;]<\/p>\n","protected":false},"author":1,"featured_media":0,"comment_status":"closed","ping_status":"closed","sticky":false,"template":"","format":"standard","meta":{"footnotes":""},"categories":[],"tags":[],"_links":{"self":[{"href":"http:\/\/syncmasters.net\/journal\/wp-json\/wp\/v2\/posts\/1326"}],"collection":[{"href":"http:\/\/syncmasters.net\/journal\/wp-json\/wp\/v2\/posts"}],"about":[{"href":"http:\/\/syncmasters.net\/journal\/wp-json\/wp\/v2\/types\/post"}],"author":[{"embeddable":true,"href":"http:\/\/syncmasters.net\/journal\/wp-json\/wp\/v2\/users\/1"}],"replies":[{"embeddable":true,"href":"http:\/\/syncmasters.net\/journal\/wp-json\/wp\/v2\/comments?post=1326"}],"version-history":[{"count":0,"href":"http:\/\/syncmasters.net\/journal\/wp-json\/wp\/v2\/posts\/1326\/revisions"}],"wp:attachment":[{"href":"http:\/\/syncmasters.net\/journal\/wp-json\/wp\/v2\/media?parent=1326"}],"wp:term":[{"taxonomy":"category","embeddable":true,"href":"http:\/\/syncmasters.net\/journal\/wp-json\/wp\/v2\/categories?post=1326"},{"taxonomy":"post_tag","embeddable":true,"href":"http:\/\/syncmasters.net\/journal\/wp-json\/wp\/v2\/tags?post=1326"}],"curies":[{"name":"wp","href":"https:\/\/api.w.org\/{rel}","templated":true}]}}