{"id":1381,"date":"2022-02-08T16:32:23","date_gmt":"2022-02-08T16:32:23","guid":{"rendered":"http:\/\/syncmasters.net\/journal\/?p=1381"},"modified":"2022-02-08T16:32:23","modified_gmt":"2022-02-08T16:32:23","slug":"rencontre-pole-emploi","status":"publish","type":"post","link":"http:\/\/syncmasters.net\/journal\/rencontre-pole-emploi\/","title":{"rendered":"Rencontre pole emploi"},"content":{"rendered":"<p>Mar 5, 2020 Rencontrez lAfdas et Pole Emploi Culture Spectacle sur le th\u00e8me de la s\u00e9curisation des parcours via lintermittence et la formation Le P\u00f4le M\u00e9dia Grand Paris, La Maison des Sciences et de lHomme et P\u00f4le Emploi vous convient \u00e0 une journ\u00e9e de rencontres et pitchs le 21 f\u00e9vrier TousMobilis\u00e9s: Se rencontrer pour Derri\u00e8re son hashtag TousMobilis\u00e9s, votre Conseiller Entreprise P\u00f4le emploi est \u00e0 vos c\u00f4t\u00e9s pour organiser des Sep 3, 2021 Lagence P\u00f4le emploi de TarareSain Bel, la mission locale et BTP Rh\u00f4ne, se mobilisent \u00e0 vos c\u00f4t\u00e9s lors de l\u00e9v\u00e8nement: 1 Rencontre La grande d\u00e9mission post-Covid. Partout, mais pas en France 25 nov. 2021 Par Sophie Fay P\u00f4le Emploi travail emploi. Sabonner Les employeurs territoriaux recrutent. Le portail de lemploi des Centres de Gestion de la Fonction Publique Territoriale et du CNFPT Vous \u00eates demandeur demploi et vous avez un projet de formation. En 2021, le Cnam dispense des formations financ\u00e9es par la R\u00e9gion dans le cadre du Vignemploi: un partenariat novateur entre p\u00f4le emploi et ANEFA Gironde pour les demandeurs demploi dont le projet est une reconversion ou une \u00e9volution de Sur un forum ou un job dating, vous allez rencontrer des recruteurs et peut-\u00eatre commencer les entretiens de recrutement. Pensez donc \u00e0 apporter un nombre Rencontre P\u00f4le emploi Associations. Publi\u00e9 le 10 octobre 2021. Cette soir\u00e9e vise \u00e0 informer les associations villeneuvoises sur les dispositifs existants 6 days ago P\u00f4le Emploi devrait r\u00e9aliser 250 000 contr\u00f4les. Strasbourg: Jean Castex rencontre des soignants et annonce des aides Jun 24, 2019 Emmanuel Macron a rencontr\u00e9 pendant plus dune heure des ch\u00f4meurs, Macron rencontre chomeurs et equipes de Pole Emploi dans les Jun 14, 2019 Pour loccasion, la Fabrique de la Danse a invit\u00e9 P\u00f4le Emploi Spectacle pour parler du sujet. Au programme, une pr\u00e9sentation de P\u00f4le Emploi Les pr\u00e9visions dembauchent progressent de 5, 2 cette ann\u00e9e et atteignent 12 dans le b\u00e2timent et Sep 27, 2018 La ministre en charge du Travail, Nicole Bouteau, a rencontr\u00e9, jeudi, la direction g\u00e9n\u00e9rale de P\u00f4le emploi, \u00e0 Paris Jun 10, 2016 Les repr\u00e9sentants des entreprises de lESS r\u00e9pondaient ainsi \u00e0 linvitation de la direction territoriale de P\u00f4le Emploi et du directeur Jun 27, 2016 Elles sont le fruit dune collaboration entre P\u00f4le emploi et le SGMAP. C\u00f4t\u00e9 employeur, de nouveaux outils ont \u00e9t\u00e9 d\u00e9velopp\u00e9s pour lever les Oct 9, 2017 Jai \u00e9galement \u00e9t\u00e9 \u00e0 la rencontre des personnels de lagence Tellier pour \u00e9changer sur laccueil des personnes en recherche demploi et les.<\/p>\n","protected":false},"excerpt":{"rendered":"<p>Mar 5, 2020 Rencontrez lAfdas et Pole Emploi Culture Spectacle sur le th\u00e8me de la s\u00e9curisation des parcours via lintermittence et la formation Le P\u00f4le M\u00e9dia Grand Paris, La Maison des Sciences et de lHomme et P\u00f4le Emploi vous convient \u00e0 une journ\u00e9e de rencontres et pitchs le 21 f\u00e9vrier TousMobilis\u00e9s: Se rencontrer pour Derri\u00e8re [&hellip;]<\/p>\n","protected":false},"author":1,"featured_media":0,"comment_status":"closed","ping_status":"closed","sticky":false,"template":"","format":"standard","meta":{"footnotes":""},"categories":[],"tags":[],"_links":{"self":[{"href":"http:\/\/syncmasters.net\/journal\/wp-json\/wp\/v2\/posts\/1381"}],"collection":[{"href":"http:\/\/syncmasters.net\/journal\/wp-json\/wp\/v2\/posts"}],"about":[{"href":"http:\/\/syncmasters.net\/journal\/wp-json\/wp\/v2\/types\/post"}],"author":[{"embeddable":true,"href":"http:\/\/syncmasters.net\/journal\/wp-json\/wp\/v2\/users\/1"}],"replies":[{"embeddable":true,"href":"http:\/\/syncmasters.net\/journal\/wp-json\/wp\/v2\/comments?post=1381"}],"version-history":[{"count":0,"href":"http:\/\/syncmasters.net\/journal\/wp-json\/wp\/v2\/posts\/1381\/revisions"}],"wp:attachment":[{"href":"http:\/\/syncmasters.net\/journal\/wp-json\/wp\/v2\/media?parent=1381"}],"wp:term":[{"taxonomy":"category","embeddable":true,"href":"http:\/\/syncmasters.net\/journal\/wp-json\/wp\/v2\/categories?post=1381"},{"taxonomy":"post_tag","embeddable":true,"href":"http:\/\/syncmasters.net\/journal\/wp-json\/wp\/v2\/tags?post=1381"}],"curies":[{"name":"wp","href":"https:\/\/api.w.org\/{rel}","templated":true}]}}