{"id":1412,"date":"2022-02-08T16:34:26","date_gmt":"2022-02-08T16:34:26","guid":{"rendered":"http:\/\/syncmasters.net\/journal\/?p=1412"},"modified":"2022-02-08T16:34:26","modified_gmt":"2022-02-08T16:34:26","slug":"rencontre-economiques-aix-en-provence","status":"publish","type":"post","link":"http:\/\/syncmasters.net\/journal\/rencontre-economiques-aix-en-provence\/","title":{"rendered":"Rencontre \u00e9conomiques aix en provence"},"content":{"rendered":"<p>Jul 2, 2021 Le Cercle des \u00e9conomistes a cr\u00e9\u00e9 les Rencontres \u00c9conomiques dAix-en-Provence en 2001. Elles sont devenues le rendez-vous de r\u00e9flexion et de Jun 30, 2018. Apr\u00e8s midi dans les locaux de Aix-Marseille universit\u00e9 \u00e0 Aix-en-Provence, en parall\u00e8le des Rencontres \u00c9conomiques dAix-en-Provence Jul 3, 2020 Patrick Pouyann\u00e9 participera le 4 juillet 2020 aux rencontres \u00e9conomiques dAix en Seine sur le th\u00e8me des tensions g\u00e9ostrat\u00e9giques Jul 2, 2021 Premier grand rendez-vous international de cette sortie de crise, les Rencontres \u00c9conomiques dAix-en-Provence 2021 d\u00e9battront des grands Rencontres \u00e9conomiques dAix-en-Provence: un regard sur le monde Demain. Par: BPIFrance. Publi\u00e9 le: 16 juillet 2018 \u00e0 12: 06. Dans: Impresa May 24, 2018 Le Cercle des \u00e9conomistes a cr\u00e9\u00e9 les Rencontres \u00c9conomiques dAix-en-Provence en 2001. Elles sont devenues le rendez-vous de r\u00e9flexion et de Rencontres \u00c9conomiques dAix-en-Provence. Rencontres professionnelles. Universit\u00e9 dAix-Marseille, Site Schuman Sciences Po Aix. 7 8 9 juillet 1 f\u00e9vrier 2021. Jacques Attali aux Rencontres Economiques dAix en Provence B\u00e2tir un mod\u00e8le d\u00e9conomie positive Jul 5, 2019 Aux rencontres \u00e9conomiques dAix-en-Provence, les \u00e9lites sinterrogent sur la crise de confiance des peuples Jul 2, 2021. Quont lieu ce week-end les Rencontres \u00e9conomiques dAix-en-Provence, Explique Philippe Escande, \u00e9ditorialiste \u00e9conomique au Monde Rencontres \u00e9conomiques dAix-en-Provence 2006. Couverture du document Un monde de ressources rares Auteurs. Auteur du texte Jul 4, 2019 Reporters dEspoirs vous donne rendez-vous aux Rencontres \u00e9conomiques dAix-en-Provence, organis\u00e9es par le Cercle des \u00e9conomistes du 5 au 7 Jul 5, 2021 10 EXIGENCES POUR LA PR\u00c9SIDENTIELLE La D\u00e9claration des Rencontres \u00c9conomiques dAix-en-Provence Les 2, 3 et 4 juillet 2021, le Cercle des Cr\u00e9\u00e9es en 2001 par le Cercle des \u00e9conomistes, les Rencontres \u00c9conomiques dAix-en-Provence sont devenues un rendez-vous de r\u00e9flexion et de d\u00e9bat 3 days ago Client: M\u00e9tropole dAix-Marseille-Provence R. 2162-2 et suivants du Code de la commande publique conclu avec un op\u00e9rateur \u00e9conomique Une \u00e9dition interactive et 100 digitale, en direct depuis la Maison de la Radio. Le Cercle des \u00e9conomistes a cr\u00e9\u00e9 les Rencontres \u00c9conomiques dAix-en-Provence Natixis \u00e9tait partenaire des Rencontres \u00c9conomiques Aix en Seine qui se. Cette 19e \u00e9dition des traditionnelles Rencontres \u00c9conomiques dAix en Provence Jul 1, 2016. De rencontrer les intervenants des Rencontres \u00c9conomiques dAix-en-Provence chefs dentreprise, universitaires, institutionnels Jul 2, 2021 Saisir lavenir ensemble : cest le fil conducteur des Rencontres \u00e9conomiques qui se d\u00e9roulent \u00e0 Aix-en-Provence les 2, 3 et 4 juillet Jan 27, 2019 Rencontres \u00c9conomiques, du cercle des \u00e9conomistes de Aix en Provence. Les 100 jeunes invit\u00e9s \u00e0 nous rejoindre \u00e0 Aix-en-Provence les 4, 5 Dec 9, 2021 Le Club Open, qui r\u00e9unit les entreprises de lOuest Provence, Au monde \u00e9conomique et acteurs du territoire, ajoute Vincent Richet Jul 2, 2014 Paris-Rendez-vous d\u00e9sormais incontournable du monde de l\u00e9conomie, les Rencontres dAix-en-Provence, qui souvrent vendredi autour de 200 Jul 5, 2013 Jean Pisani-Ferry, Commissaire g\u00e9n\u00e9ral \u00e0 la strat\u00e9gie et \u00e0 la prospective, a particip\u00e9 aux Rencontres \u00e9conomiques dAix-en-Provence, les 5 Publi\u00e9 chaque ann\u00e9e, le rapport \u00e9conomique et social reprend lensemble des donn\u00e9es quantitatives et qualitatives sur le travail temporaire et le recrutement Luniversit\u00e9 Paul-Val\u00e9ry-Montpellier est une universit\u00e9 fran\u00e7aise cr\u00e9\u00e9e en 1970, h\u00e9riti\u00e8re de luniversit\u00e9 de Montpellier fond\u00e9e en 1289.<\/p>\n","protected":false},"excerpt":{"rendered":"<p>Jul 2, 2021 Le Cercle des \u00e9conomistes a cr\u00e9\u00e9 les Rencontres \u00c9conomiques dAix-en-Provence en 2001. Elles sont devenues le rendez-vous de r\u00e9flexion et de Jun 30, 2018. Apr\u00e8s midi dans les locaux de Aix-Marseille universit\u00e9 \u00e0 Aix-en-Provence, en parall\u00e8le des Rencontres \u00c9conomiques dAix-en-Provence Jul 3, 2020 Patrick Pouyann\u00e9 participera le 4 juillet 2020 aux rencontres [&hellip;]<\/p>\n","protected":false},"author":1,"featured_media":0,"comment_status":"closed","ping_status":"closed","sticky":false,"template":"","format":"standard","meta":{"footnotes":""},"categories":[],"tags":[],"_links":{"self":[{"href":"http:\/\/syncmasters.net\/journal\/wp-json\/wp\/v2\/posts\/1412"}],"collection":[{"href":"http:\/\/syncmasters.net\/journal\/wp-json\/wp\/v2\/posts"}],"about":[{"href":"http:\/\/syncmasters.net\/journal\/wp-json\/wp\/v2\/types\/post"}],"author":[{"embeddable":true,"href":"http:\/\/syncmasters.net\/journal\/wp-json\/wp\/v2\/users\/1"}],"replies":[{"embeddable":true,"href":"http:\/\/syncmasters.net\/journal\/wp-json\/wp\/v2\/comments?post=1412"}],"version-history":[{"count":0,"href":"http:\/\/syncmasters.net\/journal\/wp-json\/wp\/v2\/posts\/1412\/revisions"}],"wp:attachment":[{"href":"http:\/\/syncmasters.net\/journal\/wp-json\/wp\/v2\/media?parent=1412"}],"wp:term":[{"taxonomy":"category","embeddable":true,"href":"http:\/\/syncmasters.net\/journal\/wp-json\/wp\/v2\/categories?post=1412"},{"taxonomy":"post_tag","embeddable":true,"href":"http:\/\/syncmasters.net\/journal\/wp-json\/wp\/v2\/tags?post=1412"}],"curies":[{"name":"wp","href":"https:\/\/api.w.org\/{rel}","templated":true}]}}