{"id":1537,"date":"2022-02-08T16:42:54","date_gmt":"2022-02-08T16:42:54","guid":{"rendered":"http:\/\/syncmasters.net\/journal\/?p=1537"},"modified":"2022-02-08T16:42:54","modified_gmt":"2022-02-08T16:42:54","slug":"meet-haute-vienne","status":"publish","type":"post","link":"http:\/\/syncmasters.net\/journal\/meet-haute-vienne\/","title":{"rendered":"Meet haute vienne"},"content":{"rendered":"<p>Sep 13, 2021 Les m\u00e9tiers du service \u00e0 la personne sont vari\u00e9s: m\u00e9nage, aide \u00e0 la personne, jardinagebricolage \u00e0 domicile, garde denfants VISITS TO THE MUNICIPALITIES. Community of communes of Haut Limousin in Bellac and Le Dorat, city of Limoges, CC de Noblat \u00e0 Saint-L\u00e9onard-de-Nolat Jul 12, 2020 Clear Channel r\u00e9volutionne les modes dachat du DOOH et lance son offre aux ench\u00e8res Performance MOOVELA: M\u00e9rik HENON-HILAIRE, Julie MOROZZO et abonn\u00e9s de la Haute-Vienne; ils compl\u00e9teront tout ce qui concerne le meeting int\u00e9ressant qui a eu lieu dans notre beau haras du Midi Bienvenue sur le site officiel de Renault France. D\u00e9couvrez lensemble de la gamme: v\u00e9hicules particuliers Twingo, Clio, Kadjar Jun 14, 2021 Avec Jean-Claude Leblois, Pr\u00e9sident du D\u00e9partement, chef de file de l\u00e9quipe La Haute-Vienne Unie, pour une majorit\u00e9 de gauche 4 days ago Elle invoque le fair-play d\u00e9mocratique. Alors quEmmanuel Macron sera ce mercredi 15 d\u00e9cembre sur TF1 pour une interview, la candidate LR Alain Rousset en meeting \u00e0 Saint-Yrieix-la-Perche Pour son premier meeting de campagne, Alain Rousset et ses colistiers ont insist\u00e9, en Haute-Vienne Mar 5, 2020 Jeudi 5 mars, Manuel Valls et Jean-Christophe Cambad\u00e9lis participaient \u00e0 un meeting pour les \u00e9lections d\u00e9partementales \u00e0 Boisseuil 2 days ago Deux hommes soup\u00e7onn\u00e9s d\u00eatre impliqu\u00e9s dans les violences contre des militants de SOS Racisme lors du meeting d\u00e9but d\u00e9cembre du candidat de murs de 1 m\u00e8t. Haute-Vienne dans celui de la 62 cent. ; le rev\u00eatement ext\u00e9rieur Dordogne. Est fait de petites pierres carr\u00e9es, 448 kil Porteurs de projets, auto-entrepreneurs, dirigeants dentreprises Le 23 octobre 2015 \u00e0 lEster Technopole de Limoges, venez rencontrer les principaux 5 days ago Le R\u00e9veil politique faits de campagne, analyses, anecdotes Chaque matin, lObs d\u00e9crypte la campagne pr\u00e9sidentielle In a former hamlet school, set of 2 lodgings to meet up with family or friends, superb view over the Limousin valleys, calm and relaxation 5 days ago Alors quil est localis\u00e9 en Haute-Vienne. La candidate LR \u00e0 la pr\u00e9sidentielle a \u00e9t\u00e9 moqu\u00e9e sur les r\u00e9seaux sociaux ce week-end apr\u00e8s son.<\/p>\n","protected":false},"excerpt":{"rendered":"<p>Sep 13, 2021 Les m\u00e9tiers du service \u00e0 la personne sont vari\u00e9s: m\u00e9nage, aide \u00e0 la personne, jardinagebricolage \u00e0 domicile, garde denfants VISITS TO THE MUNICIPALITIES. Community of communes of Haut Limousin in Bellac and Le Dorat, city of Limoges, CC de Noblat \u00e0 Saint-L\u00e9onard-de-Nolat Jul 12, 2020 Clear Channel r\u00e9volutionne les modes dachat du [&hellip;]<\/p>\n","protected":false},"author":1,"featured_media":0,"comment_status":"closed","ping_status":"closed","sticky":false,"template":"","format":"standard","meta":{"footnotes":""},"categories":[],"tags":[],"_links":{"self":[{"href":"http:\/\/syncmasters.net\/journal\/wp-json\/wp\/v2\/posts\/1537"}],"collection":[{"href":"http:\/\/syncmasters.net\/journal\/wp-json\/wp\/v2\/posts"}],"about":[{"href":"http:\/\/syncmasters.net\/journal\/wp-json\/wp\/v2\/types\/post"}],"author":[{"embeddable":true,"href":"http:\/\/syncmasters.net\/journal\/wp-json\/wp\/v2\/users\/1"}],"replies":[{"embeddable":true,"href":"http:\/\/syncmasters.net\/journal\/wp-json\/wp\/v2\/comments?post=1537"}],"version-history":[{"count":0,"href":"http:\/\/syncmasters.net\/journal\/wp-json\/wp\/v2\/posts\/1537\/revisions"}],"wp:attachment":[{"href":"http:\/\/syncmasters.net\/journal\/wp-json\/wp\/v2\/media?parent=1537"}],"wp:term":[{"taxonomy":"category","embeddable":true,"href":"http:\/\/syncmasters.net\/journal\/wp-json\/wp\/v2\/categories?post=1537"},{"taxonomy":"post_tag","embeddable":true,"href":"http:\/\/syncmasters.net\/journal\/wp-json\/wp\/v2\/tags?post=1537"}],"curies":[{"name":"wp","href":"https:\/\/api.w.org\/{rel}","templated":true}]}}