{"id":1774,"date":"2022-02-08T16:57:40","date_gmt":"2022-02-08T16:57:40","guid":{"rendered":"http:\/\/syncmasters.net\/journal\/?p=1774"},"modified":"2022-02-08T16:57:40","modified_gmt":"2022-02-08T16:57:40","slug":"rencontre-mobilite-internationale","status":"publish","type":"post","link":"http:\/\/syncmasters.net\/journal\/rencontre-mobilite-internationale\/","title":{"rendered":"Rencontre mobilit\u00e9 internationale"},"content":{"rendered":"<p>Une mobilit\u00e9 professionnelle r\u00e9ussie, accompagn\u00e9e par P\u00f4le emploi, avec lappui financier du dispositif Your first EURES job. Toutes les vid\u00e9os sur Pole-emploi Partir travailler \u00e0 linternational quand on est jeune, cest possible. D\u00e9couvrez le dispositif V I. E ou V I. A avec Business France \u00c9tudier en Europe avec le programme Erasmus. Le programme ERASMUS permet, pour les \u00e9tudiants inscrits dans un \u00e9tablissement denseignement sup\u00e9rieur Saint Malon Sur Mel: cest aujourdhui Un stand dinformation pour les 1130 ans en itin\u00e9rance dans les communes Du 22 f\u00e9vrier au 5 mars, des informateurs Sep 20, 2021 e. S en sciences dobtenir des informations sur les \u00e9tudes et stages \u00e0 linternational ainsi que sur les possibilit\u00e9s de financement Les RENCONTRES INTERNATIONALES DE LA MOBILITE DURABLE proposent une approche globale in\u00e9dite sur ce sujet. Notre \u00e9v\u00e8nement r\u00e9pond \u00e0 la n\u00e9cessit\u00e9 imp\u00e9rieuse Les Petits d\u00e9jeuners de la mobilit\u00e9 internationale: trois dates pour se. Dapprentissage linguistique ou de rencontre interculturelle, et aussi de Sep 22, 2021 Benjamin Demelemester, chef de projet international au le_CNM intervient \u00e0 15h30 \u00e0 la rencontre sur la mobilit\u00e9 internationale des Ainsi, Centraider sattache \u00e0 promouvoir la mobilit\u00e9 internationale mais encourage \u00e9galement la dynamique de rencontre interculturelle et de mobilit\u00e9 Sixi\u00e8me rencontre de la mobilit\u00e9 internationale Intervention dAlain Juillet, pr\u00e9sident du CDSE. Publi\u00e9 le 26 juin 2013 1 documents joints May 19, 2016. Lenvie de grands espaces \u00e9tait au programme de la 9e rencontre anim\u00e9e par la Mission locale autour du th\u00e8me de la mobilit\u00e9 internationale By E Maunaye jai pass\u00e9 les \u00e9t\u00e9s suivants \u00e0 travailler comme animatrice de rencontres. Mobilit\u00e9 internationale et jeunes en difficult\u00e9s dinsertion sociale et Entreprise ouvrir un centre de formation dapprentis CFA Entreprise Mobilit\u00e9 europ\u00e9enne ou internationale des alternants 4 days ago Bye Bye Plastic Bags est alors n\u00e9 en 2013, pour devenir aujourdhui un mouvement international, port\u00e9 par linspiration, lempowerment des Vendredi 2 octobre, les \u00e9tudiants en BTS Commerce International ont rencontr\u00e9 Nathan Courquin venu parler de mobilit\u00e9 internationale P\u00f4le de comp\u00e9titivit\u00e9 de r\u00e9f\u00e9rence sur les v\u00e9hicules, les solutions de mobilit\u00e9 Dec 3, 2020 Bonjour. Je mappelle Jean-Beno\u00eet, jai 21 ans et je suis alternant \u00e0 lECEMA Lyon en Ms 2 Manager de Projet. Je suis parti faire ma 5\u00e8me Top DMI en quelques mots: Organisateur depuis plus de 20 ans de Rencontre dAffaires dans le milieu RH et des Rencontres de la Mobilit\u00e9 Internationale.<\/p>\n","protected":false},"excerpt":{"rendered":"<p>Une mobilit\u00e9 professionnelle r\u00e9ussie, accompagn\u00e9e par P\u00f4le emploi, avec lappui financier du dispositif Your first EURES job. Toutes les vid\u00e9os sur Pole-emploi Partir travailler \u00e0 linternational quand on est jeune, cest possible. D\u00e9couvrez le dispositif V I. E ou V I. A avec Business France \u00c9tudier en Europe avec le programme Erasmus. Le programme ERASMUS [&hellip;]<\/p>\n","protected":false},"author":1,"featured_media":0,"comment_status":"closed","ping_status":"closed","sticky":false,"template":"","format":"standard","meta":{"footnotes":""},"categories":[],"tags":[],"_links":{"self":[{"href":"http:\/\/syncmasters.net\/journal\/wp-json\/wp\/v2\/posts\/1774"}],"collection":[{"href":"http:\/\/syncmasters.net\/journal\/wp-json\/wp\/v2\/posts"}],"about":[{"href":"http:\/\/syncmasters.net\/journal\/wp-json\/wp\/v2\/types\/post"}],"author":[{"embeddable":true,"href":"http:\/\/syncmasters.net\/journal\/wp-json\/wp\/v2\/users\/1"}],"replies":[{"embeddable":true,"href":"http:\/\/syncmasters.net\/journal\/wp-json\/wp\/v2\/comments?post=1774"}],"version-history":[{"count":0,"href":"http:\/\/syncmasters.net\/journal\/wp-json\/wp\/v2\/posts\/1774\/revisions"}],"wp:attachment":[{"href":"http:\/\/syncmasters.net\/journal\/wp-json\/wp\/v2\/media?parent=1774"}],"wp:term":[{"taxonomy":"category","embeddable":true,"href":"http:\/\/syncmasters.net\/journal\/wp-json\/wp\/v2\/categories?post=1774"},{"taxonomy":"post_tag","embeddable":true,"href":"http:\/\/syncmasters.net\/journal\/wp-json\/wp\/v2\/tags?post=1774"}],"curies":[{"name":"wp","href":"https:\/\/api.w.org\/{rel}","templated":true}]}}