{"id":1918,"date":"2022-02-08T17:06:45","date_gmt":"2022-02-08T17:06:45","guid":{"rendered":"http:\/\/syncmasters.net\/journal\/?p=1918"},"modified":"2022-02-08T17:06:45","modified_gmt":"2022-02-08T17:06:45","slug":"rencontre-du-pape-francois-avec-les-journalistes","status":"publish","type":"post","link":"http:\/\/syncmasters.net\/journal\/rencontre-du-pape-francois-avec-les-journalistes\/","title":{"rendered":"Rencontre du pape fran\u00e7ois avec les journalistes"},"content":{"rendered":"<p>Informations sur Entretiens avec des journalistes 9782889184934 de Fran\u00e7ois pape et sur le rayon Documents de lEglise catholique, La Procure Apr 26, 2018 Entretiens avec des journalistes Ce volume rassemble dans lordre chronologique les entretiens du pape Fran\u00e7ois avec les journalistes qui Nov 13, 2021 Le pape Fran\u00e7ois rencontre des journalistes du Vatican le 13 novembre 2021. M\u00e9dias du VaticanCNA. By Courtney Mares May 3, 2016 Une rencontre f\u00e9conde entre la communication et la mis\u00e9ricorde pour le pape Fran\u00e7ois, mais un journaliste catholique peut-il \u00eatre Nous sommes habitu\u00e9s \u00e0 ces contraintes, a ajout\u00e9 le pr\u00e9sident, faisant apparemment allusion \u00e0 la pr\u00e9sence des journalistes et des photographes. Ils se sont La une-Courrier picard: actu locale et r\u00e9gionale, sports, faits divers, justice, retrouvez lactualit\u00e9 pr\u00e8s de chez vous avec Courrier picard Nova\u00efa Gazeta, vie et mort du journalisme en Russie 07 d\u00e9c. 2021 Par Sylvain Tronchet Russie journalisme prix Nobel. Sabonner Jan 26, 2021 1 Comme chaque ann\u00e9e, le pape Fran\u00e7ois adresse un message dencouragement aux journalistes et \u00e0 tous les professionnels de lInformation Mar 4, 2021 Le pape Fran\u00e7ois se rend pour la premi\u00e8re fois en Irak, Renforce son image de pape des p\u00e9riph\u00e9ries, selon le journaliste Fr\u00e9d\u00e9ric Mounier Jul 30, 2013 Conversations \u00e0 b\u00e2tons rompus avec les journalistes: de lIOR au lobby gay. Le pape Fran\u00e7ois sur le vol de Rio \u00e0 Rome r\u00e9pond librement \u00e0 des Rencontre pour la protection des mineurs dans l\u00c9glise: trois initiatives concr\u00e8tes et une journaliste qui parle vrai. Le pape Fran\u00e7ois a cl\u00f4tur\u00e9 dimanche Dec 8, 2021 Par Wafa Dahman, journaliste, doctorante en sociologie au Lames, Jai rencontr\u00e9 ces m\u00eames difficult\u00e9s avec mes coll\u00e8gues femmes Mar 30, 2021 En cette p\u00e9riode de crise sanitaire du Covid-19, vous souhaitez vous rendre utile, donner de votre temps pour aider les plus d\u00e9munis et les La rencontre du pape Fran\u00e7ois avec le COE est d\u00e9crite comme un. Qui fait partie des journalistes accr\u00e9dit\u00e9s au Vatican voyageant avec le pape Jul 7, 2016 En sa qualit\u00e9 de journaliste aux Nouvelles dArm\u00e9nie magazine, Jeanine. Il y a quelques jours, elle a rencontr\u00e9 le pape Fran\u00e7ois pour la Mar 16, 2013. Une \u00c9glise pauvre, pour les pauvres, a d\u00e9clar\u00e9 samedi le pape Fran\u00e7ois \u00e0 loccasion dune rencontre au Vatican avec les journalistes.<\/p>\n","protected":false},"excerpt":{"rendered":"<p>Informations sur Entretiens avec des journalistes 9782889184934 de Fran\u00e7ois pape et sur le rayon Documents de lEglise catholique, La Procure Apr 26, 2018 Entretiens avec des journalistes Ce volume rassemble dans lordre chronologique les entretiens du pape Fran\u00e7ois avec les journalistes qui Nov 13, 2021 Le pape Fran\u00e7ois rencontre des journalistes du Vatican le 13 [&hellip;]<\/p>\n","protected":false},"author":1,"featured_media":0,"comment_status":"closed","ping_status":"closed","sticky":false,"template":"","format":"standard","meta":{"footnotes":""},"categories":[],"tags":[],"_links":{"self":[{"href":"http:\/\/syncmasters.net\/journal\/wp-json\/wp\/v2\/posts\/1918"}],"collection":[{"href":"http:\/\/syncmasters.net\/journal\/wp-json\/wp\/v2\/posts"}],"about":[{"href":"http:\/\/syncmasters.net\/journal\/wp-json\/wp\/v2\/types\/post"}],"author":[{"embeddable":true,"href":"http:\/\/syncmasters.net\/journal\/wp-json\/wp\/v2\/users\/1"}],"replies":[{"embeddable":true,"href":"http:\/\/syncmasters.net\/journal\/wp-json\/wp\/v2\/comments?post=1918"}],"version-history":[{"count":0,"href":"http:\/\/syncmasters.net\/journal\/wp-json\/wp\/v2\/posts\/1918\/revisions"}],"wp:attachment":[{"href":"http:\/\/syncmasters.net\/journal\/wp-json\/wp\/v2\/media?parent=1918"}],"wp:term":[{"taxonomy":"category","embeddable":true,"href":"http:\/\/syncmasters.net\/journal\/wp-json\/wp\/v2\/categories?post=1918"},{"taxonomy":"post_tag","embeddable":true,"href":"http:\/\/syncmasters.net\/journal\/wp-json\/wp\/v2\/tags?post=1918"}],"curies":[{"name":"wp","href":"https:\/\/api.w.org\/{rel}","templated":true}]}}