{"id":2077,"date":"2022-02-08T17:17:40","date_gmt":"2022-02-08T17:17:40","guid":{"rendered":"http:\/\/syncmasters.net\/journal\/?p=2077"},"modified":"2022-02-08T17:17:40","modified_gmt":"2022-02-08T17:17:40","slug":"la-rencontre-se-tiendra","status":"publish","type":"post","link":"http:\/\/syncmasters.net\/journal\/la-rencontre-se-tiendra\/","title":{"rendered":"La rencontre se tiendra"},"content":{"rendered":"<p>5 days ago Buster na jamais rencontr\u00e9 Clay surtout depuis que ce dernier sest retir\u00e9 de la sc\u00e8ne 10 ans plus t\u00f4t, apr\u00e8s avoir perdu sa femme. Mais pire 2 days ago La Cloche Sud convie les Marseillaises et Marseillais \u00e0 sa rencontre anti-exclusion de fin dann\u00e9e. La place qui r\u00e9chauffe se tiendra ce 2 days ago. O2 Care Services se r\u00e9jouit de la signature de sa 200\u00e8me franchise. \u00c0 la personne qui se tiendra les 23 24 novembre \u00e0 Paris 7 hours ago Il sera d\u00e9pos\u00e9 lors dune s\u00e9ance extraordinaire du conseil qui se tiendra par vid\u00e9oconf\u00e9rence Jun 27, 2021 Les entreprises en qu\u00eate de main-d\u0153uvre iront \u00e0 la rencontre de jeunes demandeurs demploi, jeudi 1er juillet 2021 lors de la dixi\u00e8me La Rencontre nationale des Epl se tiendra au c\u0153ur de la R\u00e9publique. Lacc\u00e8s \u00e0 ce contenu est r\u00e9serv\u00e9 aux adh\u00e9rents de la F\u00e9d\u00e9ration La 10\u00e8me \u00e9dition des rencontres Les Chemins de la cr\u00e9ation se tiendra les vendredi 1er et samedi 2 octobre 2021 \u00e0 lAbbaye Royale de Fontevraud Jun 10, 2021 Selon lentourage de la pr\u00e9sidence fran\u00e7aise, la rencontre se tiendra \u00e0 Bruxelles o\u00f9 le sommet doit commencer lundi apr\u00e8s-midi Le 49\u00e8me Conseil des Directeurs du R\u00e9seau international des Instituts Pasteur se tiendra \u00e0 Abidjan. Institut Pasteur de la C\u00f4te dIvoire. Actualit\u00e9 Oct 7, 2021 Cette rencontre se tiendra les 15 et 16 octobre, \u00e0 la salle Angl\u00e9o, aux Angles Oct 13, 2021 Pour la premi\u00e8re fois, la 21e \u00e9dition des Rencontres de la dynamique \u00e9conomique se tiendra \u00e0 Millau, jeudi, d\u00e8s 18 h Traductions en contexte de se tiendra en fran\u00e7ais-anglais avec Reverso Context. Cette rencontre se tiendra jeudi prochain au 24 de la promenade Sussex Poign\u00e9e de main \u00e0 la fronti\u00e8re entre les deux Cor\u00e9es. Le 30 juin 2019, les deux chefs d\u00c9tat se rencontrent une nouvelle fois. La rencontre se tient \u00e0 la La rencontre pr\u00e9vue au mois de mai se tiendra \u00e0 loccasion de la venue \u00e0 lUniversit\u00e9 Libre de Bruxelles, pendant un mois, du professeur Yoshiki Morimoto Dec 21, 2020 Participez aux Rencontres du Green Building le 21 novembre prochain. Passibat: les journ\u00e9es de la construction passive, positive et durable.<\/p>\n","protected":false},"excerpt":{"rendered":"<p>5 days ago Buster na jamais rencontr\u00e9 Clay surtout depuis que ce dernier sest retir\u00e9 de la sc\u00e8ne 10 ans plus t\u00f4t, apr\u00e8s avoir perdu sa femme. Mais pire 2 days ago La Cloche Sud convie les Marseillaises et Marseillais \u00e0 sa rencontre anti-exclusion de fin dann\u00e9e. La place qui r\u00e9chauffe se tiendra ce 2 [&hellip;]<\/p>\n","protected":false},"author":1,"featured_media":0,"comment_status":"closed","ping_status":"closed","sticky":false,"template":"","format":"standard","meta":{"footnotes":""},"categories":[],"tags":[],"_links":{"self":[{"href":"http:\/\/syncmasters.net\/journal\/wp-json\/wp\/v2\/posts\/2077"}],"collection":[{"href":"http:\/\/syncmasters.net\/journal\/wp-json\/wp\/v2\/posts"}],"about":[{"href":"http:\/\/syncmasters.net\/journal\/wp-json\/wp\/v2\/types\/post"}],"author":[{"embeddable":true,"href":"http:\/\/syncmasters.net\/journal\/wp-json\/wp\/v2\/users\/1"}],"replies":[{"embeddable":true,"href":"http:\/\/syncmasters.net\/journal\/wp-json\/wp\/v2\/comments?post=2077"}],"version-history":[{"count":0,"href":"http:\/\/syncmasters.net\/journal\/wp-json\/wp\/v2\/posts\/2077\/revisions"}],"wp:attachment":[{"href":"http:\/\/syncmasters.net\/journal\/wp-json\/wp\/v2\/media?parent=2077"}],"wp:term":[{"taxonomy":"category","embeddable":true,"href":"http:\/\/syncmasters.net\/journal\/wp-json\/wp\/v2\/categories?post=2077"},{"taxonomy":"post_tag","embeddable":true,"href":"http:\/\/syncmasters.net\/journal\/wp-json\/wp\/v2\/tags?post=2077"}],"curies":[{"name":"wp","href":"https:\/\/api.w.org\/{rel}","templated":true}]}}