{"id":2431,"date":"2022-02-08T17:39:45","date_gmt":"2022-02-08T17:39:45","guid":{"rendered":"http:\/\/syncmasters.net\/journal\/?p=2431"},"modified":"2022-02-08T17:39:45","modified_gmt":"2022-02-08T17:39:45","slug":"contes-et-rencontres","status":"publish","type":"post","link":"http:\/\/syncmasters.net\/journal\/contes-et-rencontres\/","title":{"rendered":"Contes et rencontres"},"content":{"rendered":"<p>14 hours ago \u00c0 loccasion de la cl\u00f4ture des 30 ans du festival Contes et Rencontres, le Th\u00e9\u00e2tre de Mende et la F\u00e9d\u00e9ration d\u00e9partementale des Foyers Apr 9, 2018 Rencontre, \u00e9motion, partage, et cr\u00e9ativit\u00e9 sont les maitres mots de latelier Contes et Rencontres. Partez \u00e0 la d\u00e9couverte des mots mais pas Organisateurs: Le festival Contes et rencontres propose une quarantaine de spectacles dans les villes et villages des Baronnies, autour de Nyons, jusq 1 day ago L\u00e9lite a \u00e9t\u00e9 contrainte de reporter cinq rencontres ce week-end, Cela a \u00e9t\u00e9 une couple de semaines difficiles pour Conte \u00c9mission diffus\u00e9e dimanche 6 d\u00e9cembre 2015, aux alentours de 10h40 sur France 3 Provence Alpes et France 3 Jun 8, 2021 Le festival Contes et Rencontres d\u00e9bute le 18 juin \u00e0 la Genette verte avec un spectacle nomm\u00e9 Utopie des arbres. Deux horaires Mar 25, 2019 Retrouvez ici une info de la th\u00e9matique LArbre aux contes du 25 mars 2019. De son c\u00f4t\u00e9, lassociation Contes et Rencontres a concoct\u00e9 2 days ago Laurent Marie, plongeur apn\u00e9iste, et son fr\u00e8re Vincent, r\u00e9alisateur, ont sign\u00e9 le film Les Harmonies Invisibles, centr\u00e9 sur leur rencontre Treizi\u00e8mes rencontres dAubrac. Dire linterdit dans les contes, nouvelles, po\u00e8mes, chansons, films R\u00e9servez vos billets pour Contes et rencontres des autres terres-Th\u00e9\u00e2tre Beaux Arts Tabard \u00e0 Montpellier sur BilletR\u00e9duc Prix r\u00e9duits jusqu\u00e0 la Feb 15, 2020 Organisation H\u00f4tel de R\u00e9gion de Toulouse. 22, boulevard du Mar\u00e9chal-Juin 31406 Toulouse Cedex 9 H\u00f4tel de R\u00e9gion de Montpellier. 201 avenue de Ce jeudi 22 juillet, deux rendez-vous vous sont propos\u00e9s: \u00e0 17h, rencontre avec Jean-No\u00ebl Pelen et Nicole Coulomb et signature de louvrage Conter 1 day ago 15h-18h. Sur la place Carnot: animations familiales avec des photos avec le P\u00e8re-No\u00ebl, rencontre avec les mascottes: Olaf, Pikachu, Hello 3 days ago. Pr\u00e9sident du Conseil d\u00e9partemental dEure-et-Loir, a rencontr\u00e9, Les personnages des contes sembleront prendre vie, pr\u00e9cisent les Le Conseil g\u00e9n\u00e9ral de la Loz\u00e8re affiche une volont\u00e9 affirm\u00e9e doffrir \u00e0 sa population une activit\u00e9 culturelle riche et vari\u00e9e Trois conteuses francophones, une Belge, une Fran\u00e7aise et une Suissesse, trois nations, trois clich\u00e9s: frites, baguettes, gruy\u00e8re. Au-del\u00e0 de ces clich\u00e9s Dec 4, 2015 Cest au c\u0153ur de la 28\u00e8me \u00e9dition de Contes et Rencontres, qui se d\u00e9roule autour de Nyons, que VAQUI vous donne rendez-vous ce dimanche 6 days ago CONTES ET RENCONTRES. Dimanche 5 d\u00e9cembre: Michel Bachelet, autour de son album Octo, \u00e9ditions Histoires de c\u0153urs Un conte \u00e9cologique qui Acheter le livre de Patricia Tom\u00e9: Des voyageurs au Maroc-Contes et rencontres. Nouveaut\u00e9s, Nouvelle Nov 12, 2019 Contes et Rencontres 2019: Ann\u00e9e Ewotique. Du 15 novembre au 14 d\u00e9cembre, OUI, cest reparti pour le festival qui fleurit les hivers de En Loz\u00e8re, le Festival Contes et rencontres report\u00e9 au printemps et \u00e0 lautomne. Par LArt-vues F\u00e9v 2, 2021 Festivals, Spectacles vivants 0 13 hours ago Visite guid\u00e9e, festival de cin\u00e9ma, lectures de contes. Aviateurs en herbe iront \u00e0 la rencontre dIcare, de Cl\u00e9ment Ader et du Concorde.<\/p>\n","protected":false},"excerpt":{"rendered":"<p>14 hours ago \u00c0 loccasion de la cl\u00f4ture des 30 ans du festival Contes et Rencontres, le Th\u00e9\u00e2tre de Mende et la F\u00e9d\u00e9ration d\u00e9partementale des Foyers Apr 9, 2018 Rencontre, \u00e9motion, partage, et cr\u00e9ativit\u00e9 sont les maitres mots de latelier Contes et Rencontres. Partez \u00e0 la d\u00e9couverte des mots mais pas Organisateurs: Le festival Contes [&hellip;]<\/p>\n","protected":false},"author":1,"featured_media":0,"comment_status":"closed","ping_status":"closed","sticky":false,"template":"","format":"standard","meta":{"footnotes":""},"categories":[],"tags":[],"_links":{"self":[{"href":"http:\/\/syncmasters.net\/journal\/wp-json\/wp\/v2\/posts\/2431"}],"collection":[{"href":"http:\/\/syncmasters.net\/journal\/wp-json\/wp\/v2\/posts"}],"about":[{"href":"http:\/\/syncmasters.net\/journal\/wp-json\/wp\/v2\/types\/post"}],"author":[{"embeddable":true,"href":"http:\/\/syncmasters.net\/journal\/wp-json\/wp\/v2\/users\/1"}],"replies":[{"embeddable":true,"href":"http:\/\/syncmasters.net\/journal\/wp-json\/wp\/v2\/comments?post=2431"}],"version-history":[{"count":0,"href":"http:\/\/syncmasters.net\/journal\/wp-json\/wp\/v2\/posts\/2431\/revisions"}],"wp:attachment":[{"href":"http:\/\/syncmasters.net\/journal\/wp-json\/wp\/v2\/media?parent=2431"}],"wp:term":[{"taxonomy":"category","embeddable":true,"href":"http:\/\/syncmasters.net\/journal\/wp-json\/wp\/v2\/categories?post=2431"},{"taxonomy":"post_tag","embeddable":true,"href":"http:\/\/syncmasters.net\/journal\/wp-json\/wp\/v2\/tags?post=2431"}],"curies":[{"name":"wp","href":"https:\/\/api.w.org\/{rel}","templated":true}]}}