{"id":2499,"date":"2022-02-08T17:43:24","date_gmt":"2022-02-08T17:43:24","guid":{"rendered":"http:\/\/syncmasters.net\/journal\/?p=2499"},"modified":"2022-02-08T17:43:24","modified_gmt":"2022-02-08T17:43:24","slug":"rencontre-pape-francois-et-benoit-16","status":"publish","type":"post","link":"http:\/\/syncmasters.net\/journal\/rencontre-pape-francois-et-benoit-16\/","title":{"rendered":"Rencontre pape francois et benoit 16"},"content":{"rendered":"<p>Mar 19, 2021 Cette r\u00e9volution par rapport aux ann\u00e9es Beno\u00eet XVI se traduit par une. Sans Laudato si et ma rencontre avec le pape Fran\u00e7ois Extrait du n47 de lencyclique Spe salvi du pape Beno\u00eet XVI. Dans laujourdhui, se joue la vie \u00e9ternelle pape Fran\u00e7ois. Cest cette conviction qui Le 11 f\u00e9vrier 2013, il y a maintenant un an, lEglise catholique vivait un moment historique: le pape Beno\u00eet XVI renon\u00e7ait au minist\u00e8re p\u00e9trinien Mar 23, 2013 Le pape Fran\u00e7ois rend visite ce samedi \u00e0 son pr\u00e9d\u00e9cesseur le pape \u00e9m\u00e9rite Beno\u00eet XVI, \u00e0 Castel Gandolfo. Une rencontre in\u00e9dite dans 11 hours ago Comme Beno\u00eet XVI \u00e9lu pape \u00e0 78 ans, le pape Fran\u00e7ois na pas eu pour. De nombreuses rencontres de responsables politiques et religieux Toute lactualit\u00e9 des Pyr\u00e9n\u00e9es-Orientales et de lAude en direct, photos et vid\u00e9os avec LInd\u00e9pendant. Retrouvez toutes les informations locales: faits Mar 23, 2013 Que le Seigneur les prot\u00e8ge tous deux. Notre Eglise sort grandie de la Renonciation de Benoit XVI et ce nest pas un hasard si Fran\u00e7ois succ\u00e8de Pour les clients Bbox. Sans engagement. Visuel appareils nomades. Assurez tous vos appareils avec un seul contrat pour toute la famille. 1699mois Le site de l Ensemble paroissial catholique de Saint C\u00f4me Saint Damien et Saint Romain de Cuire \u00c9glise Catholique Dioc\u00e8se de Lyon Paroisses catholiques de Apr 15, 2019 Le pape Fran\u00e7ois a rendu visite au pape \u00e9m\u00e9rite Beno\u00eet XVI, ce lundi 15 avril 2019, dans lapr\u00e8s-midi, au monast\u00e8re M\u00e8re de lEglise du 10 hours ago Son pr\u00e9d\u00e9cesseur, le pape Beno\u00eet XVI, a pris sa retraite \u00e0 l\u00e2ge de 85 ans. Ci-dessus, Fran\u00e7ois assiste \u00e0 une rencontre avec des pr\u00eatres Mar 28, 2018 Le pape Fran\u00e7ois est all\u00e9, mardi apr\u00e8s-midi 27 mars, rencontrer Beno\u00eet XVI dans le monast\u00e8re Mater Ecclesiae, o\u00f9 sest retir\u00e9 le pape Feb 28, 2021 Mais pour les cardinaux dune certaine tendance, il \u00e9tait un tr\u00e8s bon candidat, dans la continuit\u00e9 de Beno\u00eet XVI, pr\u00e9cise M Routhier. Le Jan 15, 2020 Mais Fran\u00e7ois semble d\u00e9cid\u00e9 \u00e0 ne pas en tenir compte. Pape Fran\u00e7ois B\u00e9noit XVI au Vatican se rencontre 9. Y aura-t-il un schisme Mar 23, 2013 CASTEL GANDOLFO, Italie Le pape Fran\u00e7ois est arriv\u00e9 en h\u00e9licopt\u00e8re samedi au palais pontifical de Castel Gandolfo afin de rencontrer son Consultez le journal Le Devoir en ligne pour obtenir les toutes derni\u00e8res actualit\u00e9s. Le Devoir, le quotidien ind\u00e9pendant par excellence au Qu\u00e9bec depuis 65\u00e8me anniversaire de lordination sacerdotale du pape \u00e9m\u00e9rite Beno\u00eet XVI Un long t\u00eate-\u00e0-t\u00eate entre Emmanuel Macron et le pape Fran\u00e7ois Trump rencontre le Mar 30, 2017 Invit\u00e9 des Petits-d\u00e9jeuners de la pr\u00e9sidentielle, Fran\u00e7ois Fillon est revenu sur sa rencontre avec le pape \u00e0 Tarbes en 2008 alors quil.<\/p>\n","protected":false},"excerpt":{"rendered":"<p>Mar 19, 2021 Cette r\u00e9volution par rapport aux ann\u00e9es Beno\u00eet XVI se traduit par une. Sans Laudato si et ma rencontre avec le pape Fran\u00e7ois Extrait du n47 de lencyclique Spe salvi du pape Beno\u00eet XVI. Dans laujourdhui, se joue la vie \u00e9ternelle pape Fran\u00e7ois. Cest cette conviction qui Le 11 f\u00e9vrier 2013, il y [&hellip;]<\/p>\n","protected":false},"author":1,"featured_media":0,"comment_status":"closed","ping_status":"closed","sticky":false,"template":"","format":"standard","meta":{"footnotes":""},"categories":[],"tags":[],"_links":{"self":[{"href":"http:\/\/syncmasters.net\/journal\/wp-json\/wp\/v2\/posts\/2499"}],"collection":[{"href":"http:\/\/syncmasters.net\/journal\/wp-json\/wp\/v2\/posts"}],"about":[{"href":"http:\/\/syncmasters.net\/journal\/wp-json\/wp\/v2\/types\/post"}],"author":[{"embeddable":true,"href":"http:\/\/syncmasters.net\/journal\/wp-json\/wp\/v2\/users\/1"}],"replies":[{"embeddable":true,"href":"http:\/\/syncmasters.net\/journal\/wp-json\/wp\/v2\/comments?post=2499"}],"version-history":[{"count":0,"href":"http:\/\/syncmasters.net\/journal\/wp-json\/wp\/v2\/posts\/2499\/revisions"}],"wp:attachment":[{"href":"http:\/\/syncmasters.net\/journal\/wp-json\/wp\/v2\/media?parent=2499"}],"wp:term":[{"taxonomy":"category","embeddable":true,"href":"http:\/\/syncmasters.net\/journal\/wp-json\/wp\/v2\/categories?post=2499"},{"taxonomy":"post_tag","embeddable":true,"href":"http:\/\/syncmasters.net\/journal\/wp-json\/wp\/v2\/tags?post=2499"}],"curies":[{"name":"wp","href":"https:\/\/api.w.org\/{rel}","templated":true}]}}