{"id":2849,"date":"2022-02-08T18:26:53","date_gmt":"2022-02-08T18:26:53","guid":{"rendered":"http:\/\/syncmasters.net\/journal\/?p=2849"},"modified":"2022-02-08T18:26:53","modified_gmt":"2022-02-08T18:26:53","slug":"rencontre-sete","status":"publish","type":"post","link":"http:\/\/syncmasters.net\/journal\/rencontre-sete\/","title":{"rendered":"Rencontre sete"},"content":{"rendered":"<p>Dans le cadre des Rendez-vous des AutomnHalles, le festival du livre de S\u00e8te vous invite \u00e0 rencontrer Ariane Bonzon autour de son livre. Oct 27, 2020 Le Pr\u00e9sident Christian Poujol rencontre les artisans de S\u00e8te. Blandine Authier, premier adjointe, Fran\u00e7ois Commeinhes, maire de S\u00e8te Allianz a \u00e9t\u00e9 \u00e9lue 1\u00e8re marque mondiale dassurance en 2020. Assureur digital et humain. Un assureur digital ET humain. Digital Combien de personnes ont \u00e9t\u00e9 vaccin\u00e9es. Combien de premi\u00e8res injections. Quel pourcentage de seconde injection. Suivez la campagne vaccinale en France 24 hours ago Revue de presse locale. S\u00e8te: la ministre de la mer annick girardin au chevet des chalutiers. Annick Girardin est venue \u00e0 leur rencontre Article publi\u00e9 le 14 12. 2021. La Cauraussane est un quartier de S\u00e8te qui s\u00e9tend du lyc\u00e9e Paul-Val\u00e9ry jusqu\u00e0 la partie haute de la rue Montmorency Voyager na jamais \u00e9t\u00e9 aussi simple avec FlixBus car nous vous accompagnons de la premi\u00e8re \u00e0 la derni\u00e8re \u00e9tape. Gr\u00e2ce \u00e0 des informations d\u00e9taill\u00e9es sur Apr 5, 2013 Manille rencontre S\u00e8te. Gr\u00e2ce \u00e0 un partenariat entre le MIAM et K-LIVE, 3 artistes des Philippines, Rom\u00e9o LEE, Carlo RICAFORT et Jayson Apr 28, 2021 Rencontres de Chimie-Physique qui auront lieu du 20 au 23 septembre 2021 \u00e0 S\u00e8te, en pr\u00e9sentiel. Ces rencontres, organis\u00e9e au travers des Jan 11, 2019 Une rencontre qui sannonce d\u00e9s\u00e9quilibr\u00e9e puisque Montpellier est 5\u00e8me au classement quand S\u00e8te, \u00e0 la peine, pointe \u00e0 la derni\u00e8re place LES ACTUS DESCALE A S\u00c8TE. LES VIDEOS DESCALE A S\u00c8TE. Ils pr\u00e9parent Escale \u00e0 S\u00e8te 2022: rencontre avec Jean-Jo\u00ebl De Rudnicki. Ils pr\u00e9parent Escale \u00e0 Le collectif images pr\u00e9sente Rencontres photographiques S\u00e8te M\u00e9diterran\u00e9es 9 photographes9 lieux \u00e0 S\u00e8te du 13 au 31 mai 2015 Femme c\u00e9libataire de 20 ans cherche homme pour rencontre s\u00e9rieuse Wshh Je mappelle Maksimilliane Russham. Jai 15ans. Jhabite \u00c0 S\u00e8te. Je Suis C\u00e9libataire 2 days ago Le 16 d\u00e9cembre, Annick Girardin, la ministre de la Mer, a rencontr\u00e9 les professionnels de la fili\u00e8re p\u00eache le 16 d\u00e9cembre 2021, \u00e0 S\u00e8te S\u00e8te, cit\u00e9 maritime de caract\u00e8re dans le Languedoc-Roussillon, vous accueille en bord de M\u00e9diterran\u00e9e. La mer sinvite partout dans cette ville du Sud Faire des rencontres \u00e0 S\u00e8te. Vous vivez \u00e0 S\u00e8te, vous avez 50 ans ou plus, vous \u00eates seule et vous recherchez une personne d\u00e9sirant sengager ou alors une RENCONTRES ARTISTES. Jazz \u00e0 S\u00e8te avec le soutien de la M\u00e9diath\u00e8que Fran\u00e7ois Mitterrand et de S\u00e8te Agglop\u00f4le M\u00e9diterran\u00e9e vous permet de rencontrer les.<\/p>\n","protected":false},"excerpt":{"rendered":"<p>Dans le cadre des Rendez-vous des AutomnHalles, le festival du livre de S\u00e8te vous invite \u00e0 rencontrer Ariane Bonzon autour de son livre. Oct 27, 2020 Le Pr\u00e9sident Christian Poujol rencontre les artisans de S\u00e8te. Blandine Authier, premier adjointe, Fran\u00e7ois Commeinhes, maire de S\u00e8te Allianz a \u00e9t\u00e9 \u00e9lue 1\u00e8re marque mondiale dassurance en 2020. Assureur [&hellip;]<\/p>\n","protected":false},"author":1,"featured_media":0,"comment_status":"closed","ping_status":"closed","sticky":false,"template":"","format":"standard","meta":{"footnotes":""},"categories":[],"tags":[],"_links":{"self":[{"href":"http:\/\/syncmasters.net\/journal\/wp-json\/wp\/v2\/posts\/2849"}],"collection":[{"href":"http:\/\/syncmasters.net\/journal\/wp-json\/wp\/v2\/posts"}],"about":[{"href":"http:\/\/syncmasters.net\/journal\/wp-json\/wp\/v2\/types\/post"}],"author":[{"embeddable":true,"href":"http:\/\/syncmasters.net\/journal\/wp-json\/wp\/v2\/users\/1"}],"replies":[{"embeddable":true,"href":"http:\/\/syncmasters.net\/journal\/wp-json\/wp\/v2\/comments?post=2849"}],"version-history":[{"count":0,"href":"http:\/\/syncmasters.net\/journal\/wp-json\/wp\/v2\/posts\/2849\/revisions"}],"wp:attachment":[{"href":"http:\/\/syncmasters.net\/journal\/wp-json\/wp\/v2\/media?parent=2849"}],"wp:term":[{"taxonomy":"category","embeddable":true,"href":"http:\/\/syncmasters.net\/journal\/wp-json\/wp\/v2\/categories?post=2849"},{"taxonomy":"post_tag","embeddable":true,"href":"http:\/\/syncmasters.net\/journal\/wp-json\/wp\/v2\/tags?post=2849"}],"curies":[{"name":"wp","href":"https:\/\/api.w.org\/{rel}","templated":true}]}}