{"id":295,"date":"2022-02-08T15:13:08","date_gmt":"2022-02-08T15:13:08","guid":{"rendered":"http:\/\/syncmasters.net\/journal\/?p=295"},"modified":"2022-02-08T15:13:08","modified_gmt":"2022-02-08T15:13:08","slug":"rencontre-malienne","status":"publish","type":"post","link":"http:\/\/syncmasters.net\/journal\/rencontre-malienne\/","title":{"rendered":"Rencontre malienne"},"content":{"rendered":"<p>Apr 9, 2012 Le chef des d\u00e9put\u00e9s maliens et futur pr\u00e9sident de transition, Diacounda Traor\u00e9, a rencontr\u00e9 ce matin le leader de la junte, Amadou Sanogo 37Voici autant de difficult\u00e9s rencontr\u00e9es par les auteures, et qui constituent de s\u00e9rieuses menaces au devenir m\u00eame du livre au Mali. 38Quel est le r\u00f4le des 3 days ago Emmanuel Macron se rendra lundi \u00e0 Bamako pour rencontrer le pr\u00e9sident de transition malienne, le colonel Assimi Go\u00efta, avant de c\u00e9l\u00e9brer Oct 24, 2021 Au terme de sa visite au Mali, dimanche, le Conseil de s\u00e9curit\u00e9 de lONU sest dit encourag\u00e9 par les progr\u00e8s r\u00e9alis\u00e9s par le Mali en d\u00e9pit Le Dr. Bernard Vallat, Directeur G\u00e9n\u00e9ral de lOrganisation Mondiale de la Sant\u00e9 Animale OIE, sest rendu au Mali pour sentretenir avec le Pr\u00e9sident de la Nov 5, 2021 Guillaume Husson, a pris la parole pour discuter des appuis de lUNESCO au Mali \u00e0 travers 3 th\u00e9matiques: 1-Enseignement et apprentissage, 2-Jul 15, 2019 Lors de cette rencontre, le Pr\u00e9sident malien sest engag\u00e9 officiellement \u00e0 soutenir le Centre Andr\u00e9 Festoc et son activit\u00e9 en prenant en Sep 20, 2021 En d\u00e9placement au Sahel, Florence Parly a rencontr\u00e9 le gouvernement malien, qui envisage un \u00e9ventuel recours \u00e0 une soci\u00e9t\u00e9 de s\u00e9curit\u00e9 Annonce rencontre salopes avec Kadia, malienne \u00e0 gros seins, de Montreuil, qui cherche un bonhomme pour la d\u00e9monter Classement Sites De Rencontre Site Rencontre Gratuit Sans Inscriptio Annuaire Des Rencontres Editions Lazer Narbonn Arab Baise Camera Cachee Rencontre Sexe 11 hours ago Le pr\u00e9sident fran\u00e7ais Emmanuel Macron a annul\u00e9 vendredi le d\u00e9placement quil devait effectuer au Mali pour rencontrer le pr\u00e9sident de la Mali: Terre de Rencontres: Plat, Jean-Christophe: Amazon. Fr: Livres Feb 22, 2012 Rencontre avec les r\u00e9fugi\u00e9s maliens du camp de Fassala en Mauritanie. Affrontements entre rebelles touaregs et arm\u00e9e malienne au cours Je suis une femme simple qui veut du serieux dans sa vie. Et je suis c\u00e9libataire. Je recherche un homme pour le pour une relation serieuse quelques soit sa. Je lis habituellement: Po\u00e8mes, romans, magaz Cherche s\u00e9n\u00e9galaise malienne tr\u00e8s ronde. Bonjour homme cherche femme s\u00e9n\u00e9galaise malienne mauritanienne ivoirienne tr\u00e8s tr\u00e8s ronde pour rencontre agr\u00e9able 21 hours ago Le pr\u00e9sident fran\u00e7ais Emmanuel Macron doit rencontrer pour la premi\u00e8re fois lundi \u00e0 Bamako le pr\u00e9sident de la transition malienne Infos et reportages AVSF-Mali: des soignants \u00e0 la rencontre des nomades-Au Nord du. Dans ce contexte, AVSF et son partenaire, lONG malienne ADESAH Nov 5, 2010 Au milieu des ann\u00e9es 90, lenregistrement dune rencontre au sommet entre musiciens maliens et cubains fut finalement report\u00e9 par son Approche anthropologique et th\u00e9ologique dune rencontre, 1888-1988 Pierre Diarra. Les P\u00e8res et fr\u00e8res qui allaient s\u00e9journer dans ce pays seraient d\u00e9sormais Approche anthropologique et th\u00e9ologique dune rencontre, 1888-1988 Pierre Diarra. SCHNACKENBURG R. 1965, R\u00e8gne et Royaume de Dieu 3 days ago Emmanuel Macron se rendra au Mali pour rencontrer le pr\u00e9sident Assimi. Et le colonel Assimi Go\u00efta, pr\u00e9sident de la transition malienne Pendant la r\u00e9ception, Son Excellence le Pr\u00e9sident de la R\u00e9publique du Mali Amadou Toumani Tour\u00e9 a rencontr\u00e9 le Consul G\u00e9n\u00e9ral Sun Jiwen et a eu avec lui une 8 hours ago Le pr\u00e9sident fran\u00e7ais Emmanuel Macron a annul\u00e9 vendredi le d\u00e9placement quil devait effectuer au Mali pour rencontrer le pr\u00e9sident de la Feb 19, 2018 Gilles Leproust, vice-pr\u00e9sident de lAMF, sest rendu \u00e0 Bamako au Mali courant janvier et a rencontr\u00e9 \u00e0 cette occasion Boubacar Bah 3 days ago Le pr\u00e9sident fran\u00e7ais va rencontrer le colonel Assimi Go\u00efta, pr\u00e9sident de la transition malienne. Cest la premi\u00e8re fois que les deux chefs.<\/p>\n","protected":false},"excerpt":{"rendered":"<p>Apr 9, 2012 Le chef des d\u00e9put\u00e9s maliens et futur pr\u00e9sident de transition, Diacounda Traor\u00e9, a rencontr\u00e9 ce matin le leader de la junte, Amadou Sanogo 37Voici autant de difficult\u00e9s rencontr\u00e9es par les auteures, et qui constituent de s\u00e9rieuses menaces au devenir m\u00eame du livre au Mali. 38Quel est le r\u00f4le des 3 days ago [&hellip;]<\/p>\n","protected":false},"author":1,"featured_media":0,"comment_status":"closed","ping_status":"closed","sticky":false,"template":"","format":"standard","meta":{"footnotes":""},"categories":[],"tags":[],"_links":{"self":[{"href":"http:\/\/syncmasters.net\/journal\/wp-json\/wp\/v2\/posts\/295"}],"collection":[{"href":"http:\/\/syncmasters.net\/journal\/wp-json\/wp\/v2\/posts"}],"about":[{"href":"http:\/\/syncmasters.net\/journal\/wp-json\/wp\/v2\/types\/post"}],"author":[{"embeddable":true,"href":"http:\/\/syncmasters.net\/journal\/wp-json\/wp\/v2\/users\/1"}],"replies":[{"embeddable":true,"href":"http:\/\/syncmasters.net\/journal\/wp-json\/wp\/v2\/comments?post=295"}],"version-history":[{"count":0,"href":"http:\/\/syncmasters.net\/journal\/wp-json\/wp\/v2\/posts\/295\/revisions"}],"wp:attachment":[{"href":"http:\/\/syncmasters.net\/journal\/wp-json\/wp\/v2\/media?parent=295"}],"wp:term":[{"taxonomy":"category","embeddable":true,"href":"http:\/\/syncmasters.net\/journal\/wp-json\/wp\/v2\/categories?post=295"},{"taxonomy":"post_tag","embeddable":true,"href":"http:\/\/syncmasters.net\/journal\/wp-json\/wp\/v2\/tags?post=295"}],"curies":[{"name":"wp","href":"https:\/\/api.w.org\/{rel}","templated":true}]}}