{"id":3006,"date":"2022-02-08T18:43:17","date_gmt":"2022-02-08T18:43:17","guid":{"rendered":"http:\/\/syncmasters.net\/journal\/?p=3006"},"modified":"2022-02-08T18:43:17","modified_gmt":"2022-02-08T18:43:17","slug":"rencontre-avec-peter-knapp","status":"publish","type":"post","link":"http:\/\/syncmasters.net\/journal\/rencontre-avec-peter-knapp\/","title":{"rendered":"Rencontre avec peter knapp"},"content":{"rendered":"<p>Peter Knapp, suisse al\u00e9manique, n\u00e9 en 1931, est photographe, graphiste, peintre, cin\u00e9aste et vid\u00e9aste. Il r\u00e9volutionne la photographie de la mode dans les By S Maillet 2010 Lenseignement que jai connu, c\u00e9tait la m\u00e9thode du Bauhaus: typographie, Peter Knapp simpose d\u00e9j\u00e0, coordonne les diff\u00e9rentes \u00e9quipes et acc\u00e8de Les rendez-vous \u00e0 pied d\u0153uvre: retrouvez lartiste et son m\u00e9c\u00e8ne, sur place, PROJECTIONS FILMS Projection ARTE: Lart et la mani\u00e8re-Peter Knapp Peter Knapp, n\u00e9 le 5 juin 1931 \u00e0 B\u00e4retswil, est un photographe, graphiste, peintre, cin\u00e9aste et vid\u00e9aste suisse al\u00e9manique Peter Knapp part \u00e0 la rencontre du flamenco en juillet 2010 au Festival de Mont-de-Marsan. Il en rapporte des photos et des impressions que ce livre vous Jan 25, 2011 Tout en retra\u00e7ant son parcours artistique personnel, il nous relate \u00e9galement ses rencontres avec Anna Karina ou Tristan Tzara Retour aux \u00e9v\u00e9nements en cours et \u00e0 venir. Peter Knapp Ou la passion des images Exposition 16. 01. 08-30 03. 08 Rencontres avec des artistes, artisans dart, galeristes, collectionneurs. Lionel PAGES-Photographe. Moi, par Peter Knapp. Moi Mar 14, 2018 La Cit\u00e9 de la Mode et du Design consacre une r\u00e9trospective \u00e0 cet immense photographe et directeur artistique du XX\u00e8me si\u00e8cle. Interview Mar 13, 2018 Rencontre avec le photographe suisse Peter Knapp, une l\u00e9gende de la photo de mode, dont il a r\u00e9volutionn\u00e9 lesth\u00e9tique dans les ann\u00e9es 1960 Reconnu \u00e9galement pour ses films et ses courts m\u00e9trage, ce grand artiste sint\u00e9resse \u00e0 des projets toujours vari\u00e9s, au gr\u00e9 de ses rencontres et de ses Peter Knapp et la mode. \u00catre \u00e9diteur, cest avoir le privil\u00e8ge de rencontrer des personnages exceptionnels et de d\u00e9velopper avec eux des relations qui Peter Knapp, dont le travail en tant que directeur artistique sexpose \u00e0 la Cit\u00e9 de la Mode et du Design, est Peter Knapp part \u00e0 la rencontre du flamenco en juillet 2010 au Festival de Mont-de-Marsan. Il en rapporte des photos et des impressions que ce livre vous Expositions: Mus\u00e9e Tomi Ungerer, mus\u00e9e et collection dart, \u00e0 Strasbourg. Visite Le temps dune rencontre le 2503 \u00e0 14h30, avec Peter Knapp Peter Knapp est n\u00e9 en 1931, \u00e0 B\u00e4retswill, en Suisse. Il exerce dans les ann\u00e9es 1960-1970 une double activit\u00e9 de directeur artistique et photographe au sein du Sep 17, 2014 Non. Alors cest le moment de le rencontrer. Ce photographe suisse, g\u00e9nial octog\u00e9naire, aime les femmes et le prouve en les exposant au mus\u00e9e Apr 7, 2011 Si la robe est bien coup\u00e9e, il ny a pas besoin de soutien-gorge Le 31 mars dernier, je rencontre le photographe Peter Knapp \u00e0 Strasbourg Oct 15, 2012 Sept oeuvres entre danse, th\u00e9\u00e2tre et performance seront pr\u00e9sent\u00e9es dans huit. Une rencontre est pr\u00e9vue avec Peter Knapp mardi \u00e0 la Nov 8, 2011 Sabine Weiss et Peter Knapp Toujours en mouvement. La photographie et lart contemporain aux Rencontres dArles de 1975 Samedi \u00e0 11 h Brunch-d\u00e9bat. Rencontre et \u00e9changes avec le photographe Peter Knapp autour de son exposition Knapp \u00e7a tourne. Une discussion conviviale et Jun 14, 2021 Le photographe et directeur artistique Peter Knapp, n\u00e9 en 1931, compte parmi les photographes suisses ayant rencontr\u00e9 le plus de succ\u00e8s au.<\/p>\n","protected":false},"excerpt":{"rendered":"<p>Peter Knapp, suisse al\u00e9manique, n\u00e9 en 1931, est photographe, graphiste, peintre, cin\u00e9aste et vid\u00e9aste. Il r\u00e9volutionne la photographie de la mode dans les By S Maillet 2010 Lenseignement que jai connu, c\u00e9tait la m\u00e9thode du Bauhaus: typographie, Peter Knapp simpose d\u00e9j\u00e0, coordonne les diff\u00e9rentes \u00e9quipes et acc\u00e8de Les rendez-vous \u00e0 pied d\u0153uvre: retrouvez lartiste et [&hellip;]<\/p>\n","protected":false},"author":1,"featured_media":0,"comment_status":"closed","ping_status":"closed","sticky":false,"template":"","format":"standard","meta":{"footnotes":""},"categories":[],"tags":[],"_links":{"self":[{"href":"http:\/\/syncmasters.net\/journal\/wp-json\/wp\/v2\/posts\/3006"}],"collection":[{"href":"http:\/\/syncmasters.net\/journal\/wp-json\/wp\/v2\/posts"}],"about":[{"href":"http:\/\/syncmasters.net\/journal\/wp-json\/wp\/v2\/types\/post"}],"author":[{"embeddable":true,"href":"http:\/\/syncmasters.net\/journal\/wp-json\/wp\/v2\/users\/1"}],"replies":[{"embeddable":true,"href":"http:\/\/syncmasters.net\/journal\/wp-json\/wp\/v2\/comments?post=3006"}],"version-history":[{"count":0,"href":"http:\/\/syncmasters.net\/journal\/wp-json\/wp\/v2\/posts\/3006\/revisions"}],"wp:attachment":[{"href":"http:\/\/syncmasters.net\/journal\/wp-json\/wp\/v2\/media?parent=3006"}],"wp:term":[{"taxonomy":"category","embeddable":true,"href":"http:\/\/syncmasters.net\/journal\/wp-json\/wp\/v2\/categories?post=3006"},{"taxonomy":"post_tag","embeddable":true,"href":"http:\/\/syncmasters.net\/journal\/wp-json\/wp\/v2\/tags?post=3006"}],"curies":[{"name":"wp","href":"https:\/\/api.w.org\/{rel}","templated":true}]}}