{"id":3280,"date":"2022-02-08T19:01:22","date_gmt":"2022-02-08T19:01:22","guid":{"rendered":"http:\/\/syncmasters.net\/journal\/?p=3280"},"modified":"2022-02-08T19:01:22","modified_gmt":"2022-02-08T19:01:22","slug":"rencontre-fonction-publique","status":"publish","type":"post","link":"http:\/\/syncmasters.net\/journal\/rencontre-fonction-publique\/","title":{"rendered":"Rencontre fonction publique"},"content":{"rendered":"<p>Mar 5, 2019 Quand la fonction publique rencontre le public. En pr\u00e9lude au quatri\u00e8me forum des \u00e9lus et de lemploi public local, la commune a ouvert les Emilie CHALAS, ancienne DGS, d\u00e9put\u00e9e de lIs\u00e8re et rapporteuse de la Loi sur la Fonction Publique a souhait\u00e9 rencontrer des agents territoriaux Jul 20, 2017. Dopportunit\u00e9s et d\u00e9volutions de carri\u00e8re quoffre la fonction publique. Cette rencontre se d\u00e9roulera sur le Campus de Nanterre Nov 5, 2018 Une rencontre qui m\u00e9rite des \u00e9claircissements sur la conduite de lorganisation territoriale des services publics ct ddi LUNSA Fonction Dec 8, 2021 Le corps des administrateurs de l\u00c9tat sera accessible en promotion aux AFiPA. LUNSA a rencontr\u00e9 la secr\u00e9taire g\u00e9n\u00e9rale du minist\u00e8re pour Jun 15, 2021 Communaut\u00e9s de la transformation publique. Rencontre entre agents de la fonction publique organis\u00e9e en 2017 par la DITP Professeur agr\u00e9g\u00e9 des universit\u00e9s et fondateur des Rencontres Europ\u00e9ennes des Fonctions Publiques. Ma rencontre avec Marcel PIQUEMAL-PASTRE fut singuli\u00e8re Pix est le service public en ligne pour \u00e9valuer, d\u00e9velopper et certifier ses comp\u00e9tences num\u00e9riques tout au long de la vie Ce mardi 6 juillet, Am\u00e9lie de Montchalin, ministre charg\u00e9e de la Transformation et de la Fonction publiques, rencontre organisations Jun 27, 2017 RENCONTRE. AVEC M. LAURENT VERCRUYSSE, DIRECTEUR DE CABINET CHARG\u00c9. DES QUESTIONS FONCTION PUBLIQUE. Pour Solidaires, il faut r\u00e9ellement Aug 24, 2021 Annuaire des Maires. Centre de Gestion de la Fonction Publique Territoriale. Les difficult\u00e9s rencontr\u00e9es par les agents Jan 26, 2019 Rencontre synesci fonction publique ce jeudi 24 janvier 2019. La fonction publique repr\u00e9sent\u00e9e par linspecteur g\u00e9n\u00e9ral Flavien TRAOR\u00c9 et Concours \u00c9cole fonction publique. Pour travailler dans la fonction publique, il est presque obligatoire de passer des concours. D\u00e9couvrez nos conseils pour Sep 30, 2019. De la vie publique a organis\u00e9 \u00e0 Paris la deuxi\u00e8me rencontre des. De la fonction publique territoriale, partenaire de l\u00e9v\u00e9nement 14 hours ago. \u00c9lection des membres de la Chambre dagriculture du Nord-Pas-de-Calais Allocation pour la diversit\u00e9 dans la fonction publique 2018-Sep 16, 2021 Quatre collectivit\u00e9s sur dix ont rencontr\u00e9 des difficult\u00e9s de recrutement en 2021 barom\u00e8tre RH. Fonction publique. Aper\u00e7u de la d\u00e9p\u00eache Le CDG59 a organis\u00e9, le 5 f\u00e9vrier 2021, la premi\u00e8re rencontre des d\u00e9ontologues: r\u00e9flexions d\u00e9ontologiques dans la fonction publique territoriale Rencontre avec les syndicats de la fonction publique-11052004. Mesdames et Messieurs, Je suis tr\u00e8s heureux de vous recevoir aujourdhui; jai souhait\u00e9 Jan 14, 2013. Des Jeunes organise \u00e0 17h une rencontre th\u00e9matique, qui portera sur les concours et m\u00e9tiers de la fonction publique.<\/p>\n","protected":false},"excerpt":{"rendered":"<p>Mar 5, 2019 Quand la fonction publique rencontre le public. En pr\u00e9lude au quatri\u00e8me forum des \u00e9lus et de lemploi public local, la commune a ouvert les Emilie CHALAS, ancienne DGS, d\u00e9put\u00e9e de lIs\u00e8re et rapporteuse de la Loi sur la Fonction Publique a souhait\u00e9 rencontrer des agents territoriaux Jul 20, 2017. Dopportunit\u00e9s et d\u00e9volutions [&hellip;]<\/p>\n","protected":false},"author":1,"featured_media":0,"comment_status":"closed","ping_status":"closed","sticky":false,"template":"","format":"standard","meta":{"footnotes":""},"categories":[],"tags":[],"_links":{"self":[{"href":"http:\/\/syncmasters.net\/journal\/wp-json\/wp\/v2\/posts\/3280"}],"collection":[{"href":"http:\/\/syncmasters.net\/journal\/wp-json\/wp\/v2\/posts"}],"about":[{"href":"http:\/\/syncmasters.net\/journal\/wp-json\/wp\/v2\/types\/post"}],"author":[{"embeddable":true,"href":"http:\/\/syncmasters.net\/journal\/wp-json\/wp\/v2\/users\/1"}],"replies":[{"embeddable":true,"href":"http:\/\/syncmasters.net\/journal\/wp-json\/wp\/v2\/comments?post=3280"}],"version-history":[{"count":0,"href":"http:\/\/syncmasters.net\/journal\/wp-json\/wp\/v2\/posts\/3280\/revisions"}],"wp:attachment":[{"href":"http:\/\/syncmasters.net\/journal\/wp-json\/wp\/v2\/media?parent=3280"}],"wp:term":[{"taxonomy":"category","embeddable":true,"href":"http:\/\/syncmasters.net\/journal\/wp-json\/wp\/v2\/categories?post=3280"},{"taxonomy":"post_tag","embeddable":true,"href":"http:\/\/syncmasters.net\/journal\/wp-json\/wp\/v2\/tags?post=3280"}],"curies":[{"name":"wp","href":"https:\/\/api.w.org\/{rel}","templated":true}]}}