{"id":3570,"date":"2022-02-08T19:20:51","date_gmt":"2022-02-08T19:20:51","guid":{"rendered":"http:\/\/syncmasters.net\/journal\/?p=3570"},"modified":"2022-02-08T19:20:51","modified_gmt":"2022-02-08T19:20:51","slug":"rencontres-de-la-photo-arles-2009","status":"publish","type":"post","link":"http:\/\/syncmasters.net\/journal\/rencontres-de-la-photo-arles-2009\/","title":{"rendered":"Rencontres de la photo arles 2009"},"content":{"rendered":"<p>La SPA, depuis 176 ans, est une association reconnue dutilit\u00e9 publique, qui sauve, prot\u00e8ge et fait adopter des milliers danimaux chaque ann\u00e9e 1 day ago Cr\u00e9dit photo: illustration Laurent Theillet Sud Ouest. Par Jean-Michel Desplos Publi\u00e9 le 16122021 \u00e0 21h13 Rencontre avec le grand photographe Lucien Clergue \u00e0 loccasion de son exposition qui se tiendra \u00e0 Arles Les Rencontres de la photographie dArles sont, chaque \u00e9t\u00e9 depuis, le premier festival de photographie de renomm\u00e9e internationale. Expositions, projections Jul 10, 2018 Bien s\u00fbr, il y a les c\u00e9l\u00e9brit\u00e9s: Matthieu Ricard ou William Wegman. Mais il serait dommage de ne pas d\u00e9couvrir l\u00e9mouvante expo consacr\u00e9e 6me Vente aux enchres dans le cadre des Rencontres dArles. De photographie lors de la semaine douverture des Rencontres dArles 12 juil Sep 25, 2019 On rel\u00e8vera les photos de groupes et de foules de la collection W H. Hunt \u00e0. Rencontres dArles 2009 7 juillet 13 septembre 2009 Depuis 2009, elle est experte en photographie pr\u00e8s la cour dappel de Paris. Fran\u00e7oise Denoyelle a r\u00e9alis\u00e9 le commissariat dune cinquantaine dexpositions et Nov 15, 2014 Il est \u00e9galement \u00e0 lorigine de la cr\u00e9ation de lEcole Nationale Sup\u00e9rieure de la Photographie dArles en 1982. Les rencontres dArles-des Jul 10, 2009 Le magazine r\u00e9alise un clip r\u00e9trospective des plus belles photos de ses. Les Rencontre dArles, du 7 juillet au 30 Septembre 2009 Semaine Voici donc pour commencer le r\u00e9sum\u00e9, quelques photos prises lors de mon week-end \u00e0 Arles, qui cette ann\u00e9e fut un peu d\u00e9cevant, peu dexpositions me touchant Toute lactualit\u00e9 de Montpellier et sa r\u00e9gion en direct, photos et vid\u00e9os avec Midi Libre. Retrouvez toutes les informations locales: faits divers 40 \u00e9dition 7 juillet-13 septembre Lors de l\u00e9dition 2009 du festival, 8 500 spectateurs ont assist\u00e9 aux soir\u00e9es au Th\u00e9\u00e2tre Antique, soit une moyenne de 2 Les Rencontres dArles sont organis\u00e9es avec le soutien de:. Connaissance des Arts, R\u00e9ponses Photo, La Provence, la D\u00e9l\u00e9gation g\u00e9n\u00e9rale du Aug 3, 2012 Stages du 772009 au 1582009 Termin\u00e9 Les Rencontres dArles 10, rond-point des Ar\u00e8nes 13632 Arles France. Les stages photo des Rencontres Sep 12, 2008 Alors que le Salon Paris Photo f\u00eatera son onzi\u00e8me anniversaire en 2009, Arles. La ville dArles est, depuis la cr\u00e9ation des Rencontres Aug 18, 2015 Petit compte-rendu de la 46\u00e8me \u00e9dition, riche de 35 expositions o\u00f9 la photo flirte avec les autres arts et o\u00f9 la question de la collection est Aug 10, 2009 Les Rencontres dArles 2009 ont leur application iPhone. Ce rendez-vous des amateurs de photographie se d\u00e9roule jusquau 13 septembre Jul 2, 2009 Sauvons la photographie en vedette aux Rencontres dArles 2009. La mobilisation autour du manifeste sauvons la photographie Rencontres dArles. Festival de photographie ADRESSE. 12 Rond-Point des Ar\u00e8nes 13200 ArlesFrance TELEPHONE. Tel. : 33 4 90 96 76 06Fax. : 33 4 90 49 94 39 Mar 12, 2019 Laffiche de la 50 \u00e8me \u00e9dition est r\u00e9alis\u00e9e \u00e0 partir dune photo de Ouka Leele. Photo R. Boutillierville dArles Jul 1, 2019 Les Rencontres de la photographie dArles c\u00e9l\u00e8brent leur 50e \u00e9dition avec une quinzaine dexpositions consacr\u00e9es \u00e0 des femmes.<\/p>\n","protected":false},"excerpt":{"rendered":"<p>La SPA, depuis 176 ans, est une association reconnue dutilit\u00e9 publique, qui sauve, prot\u00e8ge et fait adopter des milliers danimaux chaque ann\u00e9e 1 day ago Cr\u00e9dit photo: illustration Laurent Theillet Sud Ouest. Par Jean-Michel Desplos Publi\u00e9 le 16122021 \u00e0 21h13 Rencontre avec le grand photographe Lucien Clergue \u00e0 loccasion de son exposition qui se tiendra [&hellip;]<\/p>\n","protected":false},"author":1,"featured_media":0,"comment_status":"closed","ping_status":"closed","sticky":false,"template":"","format":"standard","meta":{"footnotes":""},"categories":[],"tags":[],"_links":{"self":[{"href":"http:\/\/syncmasters.net\/journal\/wp-json\/wp\/v2\/posts\/3570"}],"collection":[{"href":"http:\/\/syncmasters.net\/journal\/wp-json\/wp\/v2\/posts"}],"about":[{"href":"http:\/\/syncmasters.net\/journal\/wp-json\/wp\/v2\/types\/post"}],"author":[{"embeddable":true,"href":"http:\/\/syncmasters.net\/journal\/wp-json\/wp\/v2\/users\/1"}],"replies":[{"embeddable":true,"href":"http:\/\/syncmasters.net\/journal\/wp-json\/wp\/v2\/comments?post=3570"}],"version-history":[{"count":0,"href":"http:\/\/syncmasters.net\/journal\/wp-json\/wp\/v2\/posts\/3570\/revisions"}],"wp:attachment":[{"href":"http:\/\/syncmasters.net\/journal\/wp-json\/wp\/v2\/media?parent=3570"}],"wp:term":[{"taxonomy":"category","embeddable":true,"href":"http:\/\/syncmasters.net\/journal\/wp-json\/wp\/v2\/categories?post=3570"},{"taxonomy":"post_tag","embeddable":true,"href":"http:\/\/syncmasters.net\/journal\/wp-json\/wp\/v2\/tags?post=3570"}],"curies":[{"name":"wp","href":"https:\/\/api.w.org\/{rel}","templated":true}]}}