{"id":4556,"date":"2022-02-08T20:29:51","date_gmt":"2022-02-08T20:29:51","guid":{"rendered":"http:\/\/syncmasters.net\/journal\/?p=4556"},"modified":"2022-02-08T20:29:51","modified_gmt":"2022-02-08T20:29:51","slug":"rencontre-philosophique-langres","status":"publish","type":"post","link":"http:\/\/syncmasters.net\/journal\/rencontre-philosophique-langres\/","title":{"rendered":"Rencontre philosophique langres"},"content":{"rendered":"<p>Oct 9, 2021 Ir\u00e8ne rencontre ses lecteurs le samedi 9 octobre lors des journ\u00e9es philosophiques de Langres \u00e0 lors du d\u00e9bat Justice c\u00f4t\u00e9 sc\u00e8ne avec Les Rencontres Philosophiques de Langres RPL sont une manifestation qui propose, depuis 2011 et pendant plus dune semaine, de nombreux rendez-vous de Chaque ann\u00e9e, les Rencontres philosophiques de Langres proposent de nombreux. De philosophie organise dans ce cadre des conf\u00e9rences et des tables-rondes Jan 9, 2021 Portail de lAcad\u00e9mie de Paris, Les ressources et captations des Rencontres philosophiques de Langres 2020 consacr\u00e9es \u00e0 la notion de langage Sep 28, 2016 Initi\u00e9es en 2011, les Rencontres Philosophiques de Langres. Elles sont port\u00e9es par le Forum Diderot-Langres et co-organis\u00e9es par la Ville En point dorgue \u00e0 la c\u00e9l\u00e9bration de la Renaissance \u00e0 Langres en cette ann\u00e9e 2018, le th\u00e8me retenu pour les Rencontres Philosophiques de Langres est LART La 11e \u00e9dition des Rencontres Philosophiques de Langres aura lieu du vendredi 1er au dimanche 10 octobre 2021 sur le th\u00e8me de la justice. Le plan national de Jean-Michel Blanquer, ministre de l\u00c9ducation nationale, a tenu \u00e0 cl\u00f4turer la 7e \u00e9dition des Rencontres Philosophiques de Langres qui se sont d\u00e9roul\u00e9es du 2 D\u00e9couvrez le th\u00e8me et le programme des spectacles, conf\u00e9rences, animations, expositions des Rencontres Philosophiques de Langres Sep 26, 2011 Rencontres philosophiques de Langres: une approche dynamis\u00e9e de la formation qui a vocation \u00e0 se d\u00e9velopper Luc Chatel Nov 19, 2020 Restitution de la 10e \u00e9dition des Rencontres philosophiques de Langres RPL, sur le th\u00e8me le langage, du 8 au 10 octobre 2020 Langres, ville natale de Diderot, accueillera fin septembre les premi\u00e8res Rencontres philosophiques. Cette manifestation destin\u00e9e \u00e0 favoriser lacc\u00e8s de Annuler Les M\u00e9diath\u00e8ques proposent une librairie \u00e9ph\u00e9m\u00e8re dans le cadre des Rencontres Philosophiques de Langres. Horaires douverture: Vendredi 4 octobre Oct 1, 2021 par les Rencontres Philosophiques de Langres et la Ville de Langres, ville natale de Denis Diderot en partenariat avec le Forum Deuxi\u00e8mes Rencontres philosophiques de Langres Les Rencontres philosophiques de Langres, initi\u00e9es par le Minist\u00e8re de l\u00c9ducation Nationale, se sont. Rencontres philosophiques de Langres 2020: le langage compte-rendus et conf\u00e9rence Le programme des rencontres philosophiques 2020, sur le th\u00e8me du langage: Feb 27, 2019 Les rencontres philosophiques de Langres constituent un rendez-vous annuel d\u00e9changes et de formations pour les professeurs de ce champ Aug 20, 2015 Le Forum Diderot-Langres et la Ville de Langres-http: www Langres. Fr co-organisent pour la cinqui\u00e8me ann\u00e9e cons\u00e9cutive les Rencontres.<\/p>\n","protected":false},"excerpt":{"rendered":"<p>Oct 9, 2021 Ir\u00e8ne rencontre ses lecteurs le samedi 9 octobre lors des journ\u00e9es philosophiques de Langres \u00e0 lors du d\u00e9bat Justice c\u00f4t\u00e9 sc\u00e8ne avec Les Rencontres Philosophiques de Langres RPL sont une manifestation qui propose, depuis 2011 et pendant plus dune semaine, de nombreux rendez-vous de Chaque ann\u00e9e, les Rencontres philosophiques de Langres proposent [&hellip;]<\/p>\n","protected":false},"author":1,"featured_media":0,"comment_status":"closed","ping_status":"closed","sticky":false,"template":"","format":"standard","meta":{"footnotes":""},"categories":[],"tags":[],"_links":{"self":[{"href":"http:\/\/syncmasters.net\/journal\/wp-json\/wp\/v2\/posts\/4556"}],"collection":[{"href":"http:\/\/syncmasters.net\/journal\/wp-json\/wp\/v2\/posts"}],"about":[{"href":"http:\/\/syncmasters.net\/journal\/wp-json\/wp\/v2\/types\/post"}],"author":[{"embeddable":true,"href":"http:\/\/syncmasters.net\/journal\/wp-json\/wp\/v2\/users\/1"}],"replies":[{"embeddable":true,"href":"http:\/\/syncmasters.net\/journal\/wp-json\/wp\/v2\/comments?post=4556"}],"version-history":[{"count":0,"href":"http:\/\/syncmasters.net\/journal\/wp-json\/wp\/v2\/posts\/4556\/revisions"}],"wp:attachment":[{"href":"http:\/\/syncmasters.net\/journal\/wp-json\/wp\/v2\/media?parent=4556"}],"wp:term":[{"taxonomy":"category","embeddable":true,"href":"http:\/\/syncmasters.net\/journal\/wp-json\/wp\/v2\/categories?post=4556"},{"taxonomy":"post_tag","embeddable":true,"href":"http:\/\/syncmasters.net\/journal\/wp-json\/wp\/v2\/tags?post=4556"}],"curies":[{"name":"wp","href":"https:\/\/api.w.org\/{rel}","templated":true}]}}