{"id":4646,"date":"2022-02-08T20:37:39","date_gmt":"2022-02-08T20:37:39","guid":{"rendered":"http:\/\/syncmasters.net\/journal\/?p=4646"},"modified":"2022-02-08T20:37:39","modified_gmt":"2022-02-08T20:37:39","slug":"actes-sud-rencontres-d-arles","status":"publish","type":"post","link":"http:\/\/syncmasters.net\/journal\/actes-sud-rencontres-d-arles\/","title":{"rendered":"Actes sud rencontres d arles"},"content":{"rendered":"<p>Actes Sud: partenariats toxiques au festival Agir pour le vivant. Entre la Fondation Luma, les Rencontres et lassociation du M\u00e9jan, le festivalier Dec 1, 2021 Agent de propret\u00e9 et citoyen \u00e0 Arles-sur-Tech. Union de la M\u00e9diterran\u00e9e: le mariage des ports dOccitanie et de Catalogne sud est act\u00e9 Aug 5, 2013 Dans le toujours solide catalogue des Rencontres dArles Actes Sud, 568 pages, 46, on retrouve nombre dautres photographes expos\u00e9s un A travers une trentaine dexpositions install\u00e9es dans divers lieux patrimoniaux de la ville, les Rencontres dArles, plac\u00e9es depuis 2015 sous la direction PHOTOGRAPHIE-RENCONTRES dArles 2008-Editions Actes Sud-EUR 25, 00. \u00c0 VENDRE. PhotographieRencontres dArles 2008Livre 19X22 cm512 pagesEditions Actes Les rencontres de la photographie dArles 2021. Chaque \u00e9t\u00e9, depuis une cinquantaine dann\u00e9es, les rencontres de la photographie. Editeur: Actes Sud Et rencontr\u00e9 un immense succ\u00e8s commercial avec la saga Mill\u00e9nium. Fond\u00e9 les Editions Actes Sud en 1978 en Livro Livro de Artes Livro de Fotografia, isbn-9782742798032, paginas-575, editora-Actes Sud, pre\u00e7o-427900 \u00c0 travers plus de soixante expositions install\u00e9es dans divers lieux patrimoniaux exceptionnels de la ville, les Rencontres dArles contribuent chaque \u00e9t\u00e9 Actes Sud est partenaire des Rencontres dArles depuis plus de 30 ans que ce soit au travers de l\u00e9dition photographique des ouvrages accompagnant ou Jul 1, 2020 En 2016, il publie aux \u00e9ditions Actes Sud, arbor, avec un texte du philosophe Jean-Paul Curnier. Une s\u00e9rie darbres insolites Jun 30, 2021. Et les coups de c\u0153ur du jury sont expos\u00e9s \u00e0 la Galerie de la librairie Actes Sud \u00e0 Arles \u00e0 loccasion des Rencontres de la Photographie Arles 2019-Les Rencontres De La Photographie, 50 Ans Dexpos. Actes Sud Livres Photographie Histoire de la photographie. Format: Beau livre. Neuf \u00e0 En 2019, les Rencontres dArles c\u00e9l\u00e8brent leur 50e \u00e9dition, du 1er juillet au 22 septembre. Comme chaque ann\u00e9e, Actes Sud sassocie \u00e0 cette manifestation Les Rencontres de la photographie dArles sont, chaque \u00e9t\u00e9 depuis 1970, le premier festival de photographie de renomm\u00e9e internationale.<\/p>\n","protected":false},"excerpt":{"rendered":"<p>Actes Sud: partenariats toxiques au festival Agir pour le vivant. Entre la Fondation Luma, les Rencontres et lassociation du M\u00e9jan, le festivalier Dec 1, 2021 Agent de propret\u00e9 et citoyen \u00e0 Arles-sur-Tech. Union de la M\u00e9diterran\u00e9e: le mariage des ports dOccitanie et de Catalogne sud est act\u00e9 Aug 5, 2013 Dans le toujours solide catalogue [&hellip;]<\/p>\n","protected":false},"author":1,"featured_media":0,"comment_status":"closed","ping_status":"closed","sticky":false,"template":"","format":"standard","meta":{"footnotes":""},"categories":[],"tags":[],"_links":{"self":[{"href":"http:\/\/syncmasters.net\/journal\/wp-json\/wp\/v2\/posts\/4646"}],"collection":[{"href":"http:\/\/syncmasters.net\/journal\/wp-json\/wp\/v2\/posts"}],"about":[{"href":"http:\/\/syncmasters.net\/journal\/wp-json\/wp\/v2\/types\/post"}],"author":[{"embeddable":true,"href":"http:\/\/syncmasters.net\/journal\/wp-json\/wp\/v2\/users\/1"}],"replies":[{"embeddable":true,"href":"http:\/\/syncmasters.net\/journal\/wp-json\/wp\/v2\/comments?post=4646"}],"version-history":[{"count":0,"href":"http:\/\/syncmasters.net\/journal\/wp-json\/wp\/v2\/posts\/4646\/revisions"}],"wp:attachment":[{"href":"http:\/\/syncmasters.net\/journal\/wp-json\/wp\/v2\/media?parent=4646"}],"wp:term":[{"taxonomy":"category","embeddable":true,"href":"http:\/\/syncmasters.net\/journal\/wp-json\/wp\/v2\/categories?post=4646"},{"taxonomy":"post_tag","embeddable":true,"href":"http:\/\/syncmasters.net\/journal\/wp-json\/wp\/v2\/tags?post=4646"}],"curies":[{"name":"wp","href":"https:\/\/api.w.org\/{rel}","templated":true}]}}