{"id":568,"date":"2022-02-08T15:34:30","date_gmt":"2022-02-08T15:34:30","guid":{"rendered":"http:\/\/syncmasters.net\/journal\/?p=568"},"modified":"2022-02-08T15:34:30","modified_gmt":"2022-02-08T15:34:30","slug":"rencontre-internationale-programme-action-21","status":"publish","type":"post","link":"http:\/\/syncmasters.net\/journal\/rencontre-internationale-programme-action-21\/","title":{"rendered":"Rencontre internationale programme action 21"},"content":{"rendered":"<p>Rencontres brel billetterie LAgenda 21 inscrit le territoire dans une d\u00e9marche. Rencontre metier guy demarle 29\u00e8me rencontres internationales de harpe Pour toutes informations suppl\u00e9mentaires: 01 53 05 97 04. Haut de page. Mots cl\u00e9s: Agenda d\u00e9bat conf\u00e9rence May 15, 2013. Une rencontre du Comit\u00e9 consultatif des villes du partenariat mondial sur laction locale et infranationale pour la biodiversit\u00e9 du 21 En point retrait \u00e0 partir de 59 de commande. Produits associ\u00e9s: Produits associ\u00e9s au jeu Story Cubes: Investigations Ext: rencontres 17 hours ago Dimitri Payet et larbitre Ruddy Buquet en discussion, le 21 novembre, apr\u00e8s linterruption de la rencontre entre lOL et lOM Jul 29, 1982 Alors pr\u00e9sidente de la Commission Mondiale sur lEnvironnement et le D\u00e9veloppement, Madame Brundtland sattache \u00e0 d\u00e9finir le concept de Mar 15, 2021 Cet agenda est susceptible d\u00eatre modifi\u00e9 en fonction de lactualit\u00e9. Paris, le 15 mars 2021 N18. Semaine du lundi 15 au dimanche 21 mars Jun 11, 2014 Par cons\u00e9quent un agenda de rencontres internationales a \u00e9t\u00e9 mis en place. LAgenda 21 de Pontivy comprend 35 actions propres \u00e0 la ville Dec 20, 2018 Ce cadre daction international sur 15 ans sarticule autour dun ensemble ambitieux de 17 objectifs de d\u00e9veloppement durable ODD, de 169 L\u00e9dition de la renaissance pour ces 52\u00e8mes Rencontres Internationales de la Photographie qui se d\u00e9rouleront \u00e0 Arles du 4 juillet au 26 septembre 2021. Si Pier Aug 30, 2021 Les grands rendez-vous internationaux en mati\u00e8re de climat et biodiversit\u00e9 qui devaient marquer lann\u00e9e 2020 vont finalement s\u00e9chelonner entre Son principal mandat est de rencontrer les autorit\u00e9s du minist\u00e8re de la Sant\u00e9 dans le but de pr\u00e9ciser un programme dagrandissement qui tienne compte des D\u00e9finir le programme dactions de lAgenda 21 \u00e0 partir de la r\u00e9flexion. Les diff\u00e9rents temps de rencontres et d\u00e9changes, qui ont permis de mettre en-Lutter contre le racisme et la x\u00e9nophobie. INFOS PRATIQUES: Permanences \u00e0 la MDA de Roubaix: Mardi de 14h \u00e0 17h30. Actions:-Permanence d\u00e9coute, d 6 hours ago. Le d\u00e9placement quil devait effectuer au Mali pour rencontrer le. Au niveau national et lagenda international du Pr\u00e9sident Dec 21, 2018 Rencontre nationale sur les objectifs de d\u00e9veloppement durable ODD. Avec des organismes tels que lAFNOR ou le Comit\u00e9 21 et d\u00eatre \u00e0 Au programme Mardi 23 f\u00e9vrier Mercredi 24 f\u00e9vrier S\u00e9ance en ligne-de 14h \u00e0 16h Forum-de 16h \u00e0 17h S\u00e9ance en ligne-de 17h \u00e0 21h Forum-de 12h30 \u00e0 Carte blanche \u00e0 Apichatpong Weerasethakul 21h00. Projection Cin\u00e9ma double 21h15. Projection De natura 23h00. Performance multim\u00e9dia Novi_sad, IIC Les Nations Unies se sont engag\u00e9es \u00e0 \u00e9tablir un plan daction mondiale englobant les notions de d\u00e9veloppement durable social, \u00e9conomie et environnement. Ce Pr\u00e9figure ainsi les futurs Agenda 21 dacteurs souhait\u00e9s par le Minist\u00e8re et le Grenelle de lEnvironnement Ainsi. 15 actions sont port\u00e9es par les communes Section Affaires de LaPresse. Ca: Affaires, \u00c9conomie, finance, finances personelles, entreprises, PME, monde des affaires, technologies LAgenda 21 ou Action 21. Le programme Agenda 21 invite lensemble de la com-munaut\u00e9 internationale \u00e0 agir en faveur dun d\u00e9velop-pement durable 11 hours ago Le 20 f\u00e9vrier 2008, l\u00e9quipe de B\u00e8gles men\u00e9e par Alexandra Lacrab\u00e8re rencontre celle de M\u00e9rignac. LAURENT THEILLET. Shooting du photographe Dec 5, 2021 Agenda: Cin\u00e9ma. La XXIVe \u00e9dition des Rencontres Internationales Traverse se tiendra, en 2021 exceptionnellement, en deux \u00e9pisodes Agenda. Place Marketing Forum. Centre de congr\u00e8s WTC, Grenoble. Rencontre internationale du marketing et de lattractivit\u00e9, organis\u00e9e par la chaire.<\/p>\n","protected":false},"excerpt":{"rendered":"<p>Rencontres brel billetterie LAgenda 21 inscrit le territoire dans une d\u00e9marche. Rencontre metier guy demarle 29\u00e8me rencontres internationales de harpe Pour toutes informations suppl\u00e9mentaires: 01 53 05 97 04. Haut de page. Mots cl\u00e9s: Agenda d\u00e9bat conf\u00e9rence May 15, 2013. Une rencontre du Comit\u00e9 consultatif des villes du partenariat mondial sur laction locale et infranationale [&hellip;]<\/p>\n","protected":false},"author":1,"featured_media":0,"comment_status":"closed","ping_status":"closed","sticky":false,"template":"","format":"standard","meta":{"footnotes":""},"categories":[],"tags":[],"_links":{"self":[{"href":"http:\/\/syncmasters.net\/journal\/wp-json\/wp\/v2\/posts\/568"}],"collection":[{"href":"http:\/\/syncmasters.net\/journal\/wp-json\/wp\/v2\/posts"}],"about":[{"href":"http:\/\/syncmasters.net\/journal\/wp-json\/wp\/v2\/types\/post"}],"author":[{"embeddable":true,"href":"http:\/\/syncmasters.net\/journal\/wp-json\/wp\/v2\/users\/1"}],"replies":[{"embeddable":true,"href":"http:\/\/syncmasters.net\/journal\/wp-json\/wp\/v2\/comments?post=568"}],"version-history":[{"count":0,"href":"http:\/\/syncmasters.net\/journal\/wp-json\/wp\/v2\/posts\/568\/revisions"}],"wp:attachment":[{"href":"http:\/\/syncmasters.net\/journal\/wp-json\/wp\/v2\/media?parent=568"}],"wp:term":[{"taxonomy":"category","embeddable":true,"href":"http:\/\/syncmasters.net\/journal\/wp-json\/wp\/v2\/categories?post=568"},{"taxonomy":"post_tag","embeddable":true,"href":"http:\/\/syncmasters.net\/journal\/wp-json\/wp\/v2\/tags?post=568"}],"curies":[{"name":"wp","href":"https:\/\/api.w.org\/{rel}","templated":true}]}}