{"id":6313,"date":"2022-02-08T22:55:08","date_gmt":"2022-02-08T22:55:08","guid":{"rendered":"http:\/\/syncmasters.net\/journal\/?p=6313"},"modified":"2022-02-08T22:55:08","modified_gmt":"2022-02-08T22:55:08","slug":"rencontre-papale","status":"publish","type":"post","link":"http:\/\/syncmasters.net\/journal\/rencontre-papale\/","title":{"rendered":"Rencontre papale"},"content":{"rendered":"<p>Jan 22, 2014 Devenu pr\u00e9sident de la Ve R\u00e9publique 1959-1969, ce catholique pratiquant rencontre le pape Jean XXIII le 27 juin 1959, accompagn\u00e9 de sa femme Le pape Fran\u00e7ois a rencontr\u00e9 son pr\u00e9d\u00e9cesseur Beno\u00eet XVI dans la r\u00e9sidence pontificale de Castel Gandolfo. Une Rencontre du Pape avec les \u00e9v\u00eaques, pr\u00eatres, religieux et religieuses, s\u00e9minaristes et cat\u00e9chistes Ce lundi 13 Mar 23, 2013 Ce d\u00e9jeuner entre le pape Fran\u00e7ois et son pr\u00e9d\u00e9cesseur est une premi\u00e8re dans lhistoire de lEglise catholique A la Rencontre Du Pape Fran\u00e7ois DVD. Un film de Andr\u00e9s Garrigo Dur\u00e9e: 45 mn 12 mn de bonus. Plus de d\u00e9tails 5043. 0779487 DVD Mar 31, 2019 Visite papale \u00e0 Maurice: Une rencontre qui marque \u00e0 jamais. Si Shirley Castel ne sait pas encore si elle sera pr\u00e9sente, Mario et Georgette Dec 3, 2021 tu peux r\u00e9pondre Je suis ton fr\u00e8re : \u00e0 Chypre, la rencontre du pape avec des. Le temps de pri\u00e8re \u0153cum\u00e9nique incluait une rencontre Sep 12, 2008 Cette visite du pape, la premi\u00e8re depuis son \u00e9lection il y a trois ans et demi, sannonce particuli\u00e8rement dense. Le pape prononcera onze Jan 22, 2019 Bresles: Bernadette Moriau, la s\u0153ur miracul\u00e9e, \u00e0 la rencontre du Pape. En voyage en Italie, o\u00f9 son livre est d\u00e9sormais en vente Quand chuck rencontre larry musique. Sites rencontres comparatif 2010. Site rencontre pour ado emo Chichou. Com rencontre. Prostitu\u00e9e redon rencontres entre Mar 4, 2015 Des Marseillais sans domicile \u00e0 la rencontre du pape. De participer \u00e0 ce projet dun voyage \u00e0 Rome pour y rencontrer le pape Fran\u00e7ois Ce samedi 4 d\u00e9cembre 2021, \u00e0 16h15 heure de Rome, le pape Fran\u00e7ois rencontre les \u00e9v\u00eaques, les pr\u00eatres, les Oct 18, 2021 Jean Castex, qui a indiqu\u00e9 avoir invit\u00e9 Fran\u00e7ois en France, lui a offert un maillot sign\u00e9 de Lionel Messi, le compatriote du pape argentin qui Voyage apostolique \u00e0 Chypre et en Gr\u00e8ce: Rencontre avec les \u00e9v\u00eaques, pr\u00eatres, religieux et religieuses, s\u00e9minaristes et cath\u00e9chistes Jul 10, 2014 LArgentin et lAllemand ne devraient pas regarder le match ensemble La rencontre des deux papes, lAllemand Beno\u00eet XVI et lArgentin Fran\u00e7ois May 26, 2020 NOTRE PETIT CHEMIN. Rencontre du pape avec les j\u00e9suites en Tha\u00eflande et au Japon-Vie de l\u00e9glise Nov 26, 2021 Un entretien non sans arri\u00e8re-pens\u00e9es politiques. Emmanuel Macron et le pape Francois lors de leur rencontre en 2018 Sep 30, 2019 Depuis 40 ans, Fidesco envoie des volontaires en mission. Depuis peu, nous avons d\u00e9cid\u00e9 daller \u00e0 la rencontre de ceux qui sont partis il y Rencontre du pape et de layatollah Sistani: Fran\u00e7ois a d\u00e9nonc\u00e9 le terrorisme qui manipule les religions. Le Oct 7, 2016 Le pape Fran\u00e7ois et larchev\u00eaque de Canterbury Justin Welby c\u00e9l\u00e9breront ensemble ce mercredi une c\u00e9r\u00e9monie de pri\u00e8re \u00e0 Rome, une grande Le pape a \u00e9galement soulign\u00e9 la double dimension de laction de Caritas: une dimension li\u00e9e \u00e0 laction sociale et une dimension spirituelle, qui implique Nov 23, 2018 Le r\u00e9alisateur Wim Wenders a consacr\u00e9 un film documentaire \u00e0 Jorge Mario Bergoglio, le cardinal de Buenos Aires, devenu en 2013 le 266e Oct 9, 2021 La question de la visite du pape de Rome Fran\u00e7ois en Russie nest pas actuellement \u00e0 lordre du jour, cependant une nouvelle rencontre entre By E Thevenin 2018 Fatima, les Papes et la Russie, ou quand le surnaturel rencontre la g\u00e9opolitique. Etienne Thevenin 1. D\u00e9tails.<\/p>\n","protected":false},"excerpt":{"rendered":"<p>Jan 22, 2014 Devenu pr\u00e9sident de la Ve R\u00e9publique 1959-1969, ce catholique pratiquant rencontre le pape Jean XXIII le 27 juin 1959, accompagn\u00e9 de sa femme Le pape Fran\u00e7ois a rencontr\u00e9 son pr\u00e9d\u00e9cesseur Beno\u00eet XVI dans la r\u00e9sidence pontificale de Castel Gandolfo. Une Rencontre du Pape avec les \u00e9v\u00eaques, pr\u00eatres, religieux et religieuses, s\u00e9minaristes et [&hellip;]<\/p>\n","protected":false},"author":1,"featured_media":0,"comment_status":"closed","ping_status":"closed","sticky":false,"template":"","format":"standard","meta":{"footnotes":""},"categories":[],"tags":[],"_links":{"self":[{"href":"http:\/\/syncmasters.net\/journal\/wp-json\/wp\/v2\/posts\/6313"}],"collection":[{"href":"http:\/\/syncmasters.net\/journal\/wp-json\/wp\/v2\/posts"}],"about":[{"href":"http:\/\/syncmasters.net\/journal\/wp-json\/wp\/v2\/types\/post"}],"author":[{"embeddable":true,"href":"http:\/\/syncmasters.net\/journal\/wp-json\/wp\/v2\/users\/1"}],"replies":[{"embeddable":true,"href":"http:\/\/syncmasters.net\/journal\/wp-json\/wp\/v2\/comments?post=6313"}],"version-history":[{"count":0,"href":"http:\/\/syncmasters.net\/journal\/wp-json\/wp\/v2\/posts\/6313\/revisions"}],"wp:attachment":[{"href":"http:\/\/syncmasters.net\/journal\/wp-json\/wp\/v2\/media?parent=6313"}],"wp:term":[{"taxonomy":"category","embeddable":true,"href":"http:\/\/syncmasters.net\/journal\/wp-json\/wp\/v2\/categories?post=6313"},{"taxonomy":"post_tag","embeddable":true,"href":"http:\/\/syncmasters.net\/journal\/wp-json\/wp\/v2\/tags?post=6313"}],"curies":[{"name":"wp","href":"https:\/\/api.w.org\/{rel}","templated":true}]}}