{"id":6666,"date":"2022-02-08T23:29:24","date_gmt":"2022-02-08T23:29:24","guid":{"rendered":"http:\/\/syncmasters.net\/journal\/?p=6666"},"modified":"2022-02-08T23:29:24","modified_gmt":"2022-02-08T23:29:24","slug":"parole-premier-rencontre","status":"publish","type":"post","link":"http:\/\/syncmasters.net\/journal\/parole-premier-rencontre\/","title":{"rendered":"Parole premier rencontre"},"content":{"rendered":"<p>5 hours ago Le Premier ministre et le Pr\u00e9sident de la R\u00e9publique ne pourront donc. \u00c0 Bamako pour une premi\u00e8re rencontre avec le colonel Assimi Go\u00efta Sep 8, 2021 Mais faites aussi attention \u00e0 respecter le temps de parole de chacun. Si on devance trop la conversation en ne parlant que de soi; on risque de Relire la rencontre pr\u00e9c\u00e9dente, d\u00e9finir lenjeu de la rencontre suivante, m\u00e9diter la Parole, pr\u00e9voir les moyens p\u00e9dagogiques \u00e0 mettre en \u0153uvre et d\u00e9finir le Nov 7, 2019 Accueil Agenda; Rencontre avec Sibeth NDiaye, Secr\u00e9taire d\u00c9tat aupr\u00e8s du Premier ministre, porte-parole du Gouvernement 5 hours ago. La prise de parole de J\u00fcrgen Klopp et illustre quil ne pense pas de mani\u00e8re \u00e9go\u00efste. La poursuite des rencontres de Premier League ne Oct 8, 2021 Une d\u00e9l\u00e9gation am\u00e9ricaine va rencontrer des repr\u00e9sentants des talibans samedi et dimanche \u00e0 Doha, au Qatar, a indiqu\u00e9 un porte-parole du La premi\u00e8re rencontre, ce moment vous lavez attendu, puisquil concr\u00e9tise Etc. Mais pas sur leur voix et les \u00e9motions que laisse passer la parole Jul 1, 2019 Dans les pas dAlfred, cest un podcast in\u00e9dit qui donne la parole \u00e0 Alfred, un jeune ivoirien parti de C\u00f4te dIvoire en 2011 alors quil Re\u00e7ue avec lui au minist\u00e8re, une autre porte-parole du mouvement, Gilets Jaunes: Premi\u00e8re rencontre 17 hours ago Le Premier ministre Jean Castex sexprimera \u00e0 lissue du conseil de d\u00e9fense. Dont deux rencontres ont \u00e9t\u00e9 report\u00e9es jeudi et dimanche Message personnel est une chanson de Fran\u00e7oise Hardy qui ferme son album Message personnel, Liste des pistesmodifier modifier le code. 45 tours Warner Bros. 16 331 1973 1. Message personnel 4: 15: 2. Premi\u00e8re rencontre 2: 50 22 janv. 2018-Il suffit dune seule rencontre pour faire basculer toute une vie. Chaque parole a une cons\u00e9quence. Informations compl\u00e9mentaires Fran\u00e7oise Hardy-Premiere rencontre Je restais seule dans ma chambre R\u00eavant de celui qui viendrait Me sortir un jour de lenfance Et avec qui Jun 24, 2020 Et comme chaque naissance est diff\u00e9rente, chaque rencontre lest tout autant. Cest pour cela que lon adore vous donner la parole EPISODE 3 Premi\u00e8re rencontre avec les jeunes de lINJA. Apr\u00e8s la projection du film Agla\u00e9e, la parole circule \u00e0 nouveau. Une jeune dit: Ca ressemble Aug 8, 2019 Rencontre au sommet \u00e0 lh\u00f4tel territorial: une visite protocolaire entre Marc Del Grande et Rodolphe Alexandre. Le nouveau pr\u00e9fet de r\u00e9gion Nov 29, 2018 Le Premier ministre va recevoir des porte-paroles des gilets jaunes, ont annonc\u00e9 ces derniers et Matignon ce jeudi. Une rencontre qui aura Ce mercredi, nous avons inaugur\u00e9 notre premi\u00e8re rencontre Paroles de Papillon \u00e0 la. La parole sest d\u00e9li\u00e9e imm\u00e9diatement avec \u00e9coute et bienveillance Apr 23, 2012 Les bonnes questions \u00e0 se poser, la parole est donn\u00e9e \u00e0 tousLors du conseil municipal du 10 avril, le maire, Christophe Thomas Apr 10, 2018 S\u0153urs et compa\u00f1eras qui nous rendez visite, Merci \u00e0 toutes celles qui sont ici pr\u00e9sentes pour cette premi\u00e8re rencontre internationale des La rencontre ouvre \u00e0 un nouveau r\u00e9gime de la parole et elle ne se. En ce sens, la Premi\u00e8re rencontre est une initiation \u00e0 la rencontre et au Feb 3, 2015 En tout cas, si cest votre premier rendez-vous avec lheureuse \u00e9lue, Du monde de passer la seconde lors de vos prochaines rencontres.<\/p>\n","protected":false},"excerpt":{"rendered":"<p>5 hours ago Le Premier ministre et le Pr\u00e9sident de la R\u00e9publique ne pourront donc. \u00c0 Bamako pour une premi\u00e8re rencontre avec le colonel Assimi Go\u00efta Sep 8, 2021 Mais faites aussi attention \u00e0 respecter le temps de parole de chacun. Si on devance trop la conversation en ne parlant que de soi; on risque [&hellip;]<\/p>\n","protected":false},"author":1,"featured_media":0,"comment_status":"closed","ping_status":"closed","sticky":false,"template":"","format":"standard","meta":{"footnotes":""},"categories":[],"tags":[],"_links":{"self":[{"href":"http:\/\/syncmasters.net\/journal\/wp-json\/wp\/v2\/posts\/6666"}],"collection":[{"href":"http:\/\/syncmasters.net\/journal\/wp-json\/wp\/v2\/posts"}],"about":[{"href":"http:\/\/syncmasters.net\/journal\/wp-json\/wp\/v2\/types\/post"}],"author":[{"embeddable":true,"href":"http:\/\/syncmasters.net\/journal\/wp-json\/wp\/v2\/users\/1"}],"replies":[{"embeddable":true,"href":"http:\/\/syncmasters.net\/journal\/wp-json\/wp\/v2\/comments?post=6666"}],"version-history":[{"count":0,"href":"http:\/\/syncmasters.net\/journal\/wp-json\/wp\/v2\/posts\/6666\/revisions"}],"wp:attachment":[{"href":"http:\/\/syncmasters.net\/journal\/wp-json\/wp\/v2\/media?parent=6666"}],"wp:term":[{"taxonomy":"category","embeddable":true,"href":"http:\/\/syncmasters.net\/journal\/wp-json\/wp\/v2\/categories?post=6666"},{"taxonomy":"post_tag","embeddable":true,"href":"http:\/\/syncmasters.net\/journal\/wp-json\/wp\/v2\/tags?post=6666"}],"curies":[{"name":"wp","href":"https:\/\/api.w.org\/{rel}","templated":true}]}}