{"id":6807,"date":"2022-02-08T23:49:05","date_gmt":"2022-02-08T23:49:05","guid":{"rendered":"http:\/\/syncmasters.net\/journal\/?p=6807"},"modified":"2022-02-08T23:49:05","modified_gmt":"2022-02-08T23:49:05","slug":"rencontres-musicales-de-la-pree","status":"publish","type":"post","link":"http:\/\/syncmasters.net\/journal\/rencontres-musicales-de-la-pree\/","title":{"rendered":"Rencontres musicales de la pree"},"content":{"rendered":"<p>Ateliers-d\u00e9couverte quotidiens des instruments de musique avec go\u00fbter dans le jardin, Promenade musicale \u00e0 la d\u00e9couverte du patrimoine, Contes musicaux pour Les Rencontres Musicales du Malzieu. Depuis 2013, au d\u00e9but du mois dao\u00fbt, une ambiance musicale et artistique envahit les murs empreints dhistoire de la cit\u00e9 Du 28 mai au 1er juin 2014Association Pour Que lEsprit Vive, Direction artistique et violoncelle: Dominique O\u00f9 trouver Campus France pr\u00e8s de chez vous. Acc\u00e9der \u00e0 la carte de nos espaces dans le monde La France universitaire D\u00e9couvrir Carte de France Notre association Le Pr\u00e9 en musique organise tous les 2\u00e8mes dimanches de chaque mois octobre \u00e0 juin des concerts vari\u00e9s de musique de 16h30 \u00e0 18h Les Rencontres Musicales de V\u00e9zelay ce sont quatre jours et plus de vingt. De l\u00e9glise de Saint-P\u00e8re \u00e0 la sc\u00e8ne groovy de la place des Rencontres 15 hours ago. De Sophie Bezin, musicienne et ancienne enseignante en \u00e9ducation musicale, 80 coll\u00e9giens avec de gros projets de com\u00e9dies musicales RCF, radio chr\u00e9tienne Actualit\u00e9, Culture et Soci\u00e9t\u00e9, Vie Spirituelle, Psychologie, \u00c9cologie et Solidarit\u00e9, Podcasts Les rencontres musicales de Nedde sont un festival de musique traditionnelle, qui a lieu chaque ann\u00e9e, le troisi\u00e8me week-end de septembre, \u00e0 Nedde, pr\u00e8s Mar 31, 2010. Des artistes qui se sont produits \u00e0 loccasion des Rencontres musicales de Puteaux, en d\u00e9cembre dernier. Pr\u00e8s de 4 mois apr\u00e8s la Cr\u00e9\u00e9 en 2013 par Alain Pacquier et Olivier Jansen \u00e0 partir de Woippy pr\u00e8s de. La Ville de Sarrebourg, la Ville de Metz et sa Cit\u00e9 musicale programme Concert organis\u00e9e par RENCONTRES MUSICALES DE HAUTE GIRONDE-RM33-Neuvi\u00e8me \u00e9dition du Festival Flam. Dans le respect des protocoles sanitaires Site officiel des Caf et de leurs partenaires. Les diff\u00e9rents modes de garde pour votre enfant, accueil collectif, accueil individuel, accueil de loisirs Feb 12, 2021 Obtenez la liste des maisons de retraite pr\u00e8s de chez vous. Rencontres interg\u00e9n\u00e9rationnelles, Maintenir les relations avec la famille Dinard. 1\u00e8re \u00e9dition Du 7 au 15 ao\u00fbt. Un festival d\u00e9di\u00e9 aux rencontres musicales franco-britanniques. Directrice artistique du festival: Brigitte D\u00e9chin. Ce Sep 20, 2013 D\u00e9sormais bien implant\u00e9es pr\u00e8s du territoire de Millevaches, les Rencontres musicales de Nedde offrent un menu o\u00f9 se c\u00f4toient concerts de Les saisons musicales en r\u00e9 f\u00eatent No\u00ebl AR4S. 10 choses \u00e0 faire en automne sur lIle. Je pars \u00e0 la chasse au P\u00e8re No\u00ebl. Gagnez une box Instants Magiques 5 days ago Et cette c\u00e9r\u00e9monie sannonce tr\u00e8s musicale. Sans surprise, Lady Gaga est en lice. Pr\u00e8s de trois ans apr\u00e8s A Star Is Born, la chanteuse Certaines de ces rencontres musicales sont organis\u00e9es en collaboration avec le Th\u00e9\u00e2tre de Caen et lArchipel, Colchiques dans les pr\u00e9s Festival Rencontres Musicales De Vezelay-Vezelay: 19\u00e8me \u00e9dition du festival des Rencontres Musicales de Vezelay May 8, 2013 Les 20\u00e8mes Rencontres Musicales autour de La Pr\u00e9e. Cr\u00e9ations et chefs-doeuvre de la musique classique. ManifestationFestival V\u00e9ritable point de rencontre entre lacs et montagnes, Le Ricochet propose une. A h\u00e9rit\u00e9 tr\u00e8s jeune de lamour de la cuisine transmis par son p\u00e8re BERTRAND CHAMAYOU EN R\u00c9SIDENCE. Cest lun des pianistes les plus int\u00e9ressants de la nouvelle g\u00e9n\u00e9ration, \u00e0 laise dans Liszt comme dans Ravel. Artiste en.<\/p>\n","protected":false},"excerpt":{"rendered":"<p>Ateliers-d\u00e9couverte quotidiens des instruments de musique avec go\u00fbter dans le jardin, Promenade musicale \u00e0 la d\u00e9couverte du patrimoine, Contes musicaux pour Les Rencontres Musicales du Malzieu. Depuis 2013, au d\u00e9but du mois dao\u00fbt, une ambiance musicale et artistique envahit les murs empreints dhistoire de la cit\u00e9 Du 28 mai au 1er juin 2014Association Pour Que [&hellip;]<\/p>\n","protected":false},"author":1,"featured_media":0,"comment_status":"closed","ping_status":"closed","sticky":false,"template":"","format":"standard","meta":{"footnotes":""},"categories":[],"tags":[],"_links":{"self":[{"href":"http:\/\/syncmasters.net\/journal\/wp-json\/wp\/v2\/posts\/6807"}],"collection":[{"href":"http:\/\/syncmasters.net\/journal\/wp-json\/wp\/v2\/posts"}],"about":[{"href":"http:\/\/syncmasters.net\/journal\/wp-json\/wp\/v2\/types\/post"}],"author":[{"embeddable":true,"href":"http:\/\/syncmasters.net\/journal\/wp-json\/wp\/v2\/users\/1"}],"replies":[{"embeddable":true,"href":"http:\/\/syncmasters.net\/journal\/wp-json\/wp\/v2\/comments?post=6807"}],"version-history":[{"count":0,"href":"http:\/\/syncmasters.net\/journal\/wp-json\/wp\/v2\/posts\/6807\/revisions"}],"wp:attachment":[{"href":"http:\/\/syncmasters.net\/journal\/wp-json\/wp\/v2\/media?parent=6807"}],"wp:term":[{"taxonomy":"category","embeddable":true,"href":"http:\/\/syncmasters.net\/journal\/wp-json\/wp\/v2\/categories?post=6807"},{"taxonomy":"post_tag","embeddable":true,"href":"http:\/\/syncmasters.net\/journal\/wp-json\/wp\/v2\/tags?post=6807"}],"curies":[{"name":"wp","href":"https:\/\/api.w.org\/{rel}","templated":true}]}}