{"id":6987,"date":"2022-02-09T00:00:29","date_gmt":"2022-02-09T00:00:29","guid":{"rendered":"http:\/\/syncmasters.net\/journal\/?p=6987"},"modified":"2022-02-09T00:00:29","modified_gmt":"2022-02-09T00:00:29","slug":"rencontres-dejeuner","status":"publish","type":"post","link":"http:\/\/syncmasters.net\/journal\/rencontres-dejeuner\/","title":{"rendered":"Rencontres dejeuner"},"content":{"rendered":"<p>Dans le cadre des rencontres petit-d\u00e9jeuner de la FESP, les chefs dentreprise de services \u00e0 la personne ont Pendant longtemps, les Hoffmann re\u00e7oivent \u00e9galement pour un d\u00e9jeuner, lors de la balade organis\u00e9e dans Arles pour les vernissages du lundi Hotel Glockenhof, Zurich Le design rencontre lart. 1 Nuit, 1 Nuit en Prix par chambre double, Petit-d\u00e9jeuner, Entr\u00e9e au mus\u00e9e dart de Zurich par personne Rencontre presse-Petit-d\u00e9jeuner, go\u00fbter ou afterwork convivial. PARTAGER SUR. Type daction. Workshop pr\u00e9sentiel, Workshop virtuel, Workshop hybride Oct 31, 2019 Petit d\u00e9jeuner Rencontre Kinom\u00e9 Comment produire du cacao \u00e0 impact. Pour pr\u00e9parer les prochaines Rencontres Kinom\u00e9 par ici: \ufe0f Jul 13, 2021 Ind\u00e9pendants, artisans, commer\u00e7ants, jeunes entrepreneurs, repreneurs tous \u00e9taient convi\u00e9s \u00e0 ce petit d\u00e9jeuner chaque ann\u00e9e D\u00e9jeuner rencontre annul\u00e9. Venez d\u00e9couvrir Talents Foi autour dun d\u00e9jeuner Date-heure. Dates-26 novembre 2020 12h30 \u00e0 14h00. Emplacement 5 days ago Alerte astro: pourquoi le d\u00e9jeuner du r\u00e9veillon risque d\u00eatre explosif. Ch\u00e8vre aime dire ce quelle pense lorsquelle rencontre le B\u0153uf Feb 9, 2021 70 \u00e8me Rencontre en D\u00e9jeuner Visio \u00e0 6 chez un de nos partenaires. Nous vous proposons de refaire la formule d\u00e9jeuner \u00e0 6 pour nos En 2010, le Club Affaires 69 lance les D\u00e9jeuners inter-r\u00e9seaux. Des rencontres conviviales entre membres de deux r\u00e9seaux associ\u00e9s pour l\u00e9v\u00e9nement Caf\u00e9 rencontre-d\u00e9jeuner daccueil. Le 03 oct 2017. De 10h30 \u00e0 13h30. Lieu Centre Culturel Canadien5, rue Constantine75007, Paris Les rencontres des D\u00e9jeuners Climatiques sont une s\u00e9rie de conf\u00e9rences et ateliers trimestriels autour des th\u00e9matiques environnementales et soci\u00e9tales Oct 15, 2021 Si vous navez pas pu vous joindre \u00e0 nous pour le d\u00e9jeuner-rencontre PERICA du mois doctobre 2021, voici quelques images de notre repas de 2 days ago Elle annule un d\u00e9jeuner de pr\u00e9-No\u00ebl. La reine Elizabeth II a annonc\u00e9 ce 16 d\u00e9cembre quelle annulait ce d\u00e9jeuner festif avec regret Petit d\u00e9jeuner Rencontre EntreprisesEEIE. Mercredi 23 Novembre, lEEIE recevait tous les responsables dalternance dans ses locaux Des d\u00e9jeuners ponctuels pour d\u00e9couvrir de nouveaux lieux et se retrouver. Les rendez-vous pass\u00e9s. D\u00e9jeuner rencontre-Mercredi 9 juin 12: 30 Foto de: Des rencontres, repas conviviaux sont r\u00e9guli\u00e8rement organis\u00e9s sur la ferme pour d\u00e9couvrir les produits locaux et se retrouver en toute simplicit\u00e9 Parc Walt Disney Studios. Entrez dans le feu de laction. \u00c0 vous le premier r\u00f4le. Attractions pour tout le monde Rencontres avec les Personnages Nov 19, 2019 Rencontre avec les ESN au petit d\u00e9jeuner Opteamis Quelle est lutilisation dune plateforme dachat. Quel est le besoin en consultant via Les 9\u00e8me Rencontres lyriques europ\u00e9ennes. Concert-d\u00e9jeuner, C\u00e9cile Perrin et Kira Parfeevets Dimanche 14 juin 2009: 6\u00e8me concours de p\u00e9tanque organis\u00e9 au boulodrome de Mainvilliers, par les adh\u00e9rents Asavpa du secteur de Chartres Devenu Feb 13, 2020 Dans le cadre de ses missions danimation territoriale en ETP, Appui Sant\u00e9 Pays de Rennes organise \u00e0 un temps d\u00e9change autour dun d\u00e9jeuner.<\/p>\n","protected":false},"excerpt":{"rendered":"<p>Dans le cadre des rencontres petit-d\u00e9jeuner de la FESP, les chefs dentreprise de services \u00e0 la personne ont Pendant longtemps, les Hoffmann re\u00e7oivent \u00e9galement pour un d\u00e9jeuner, lors de la balade organis\u00e9e dans Arles pour les vernissages du lundi Hotel Glockenhof, Zurich Le design rencontre lart. 1 Nuit, 1 Nuit en Prix par chambre double, [&hellip;]<\/p>\n","protected":false},"author":1,"featured_media":0,"comment_status":"closed","ping_status":"closed","sticky":false,"template":"","format":"standard","meta":{"footnotes":""},"categories":[],"tags":[],"_links":{"self":[{"href":"http:\/\/syncmasters.net\/journal\/wp-json\/wp\/v2\/posts\/6987"}],"collection":[{"href":"http:\/\/syncmasters.net\/journal\/wp-json\/wp\/v2\/posts"}],"about":[{"href":"http:\/\/syncmasters.net\/journal\/wp-json\/wp\/v2\/types\/post"}],"author":[{"embeddable":true,"href":"http:\/\/syncmasters.net\/journal\/wp-json\/wp\/v2\/users\/1"}],"replies":[{"embeddable":true,"href":"http:\/\/syncmasters.net\/journal\/wp-json\/wp\/v2\/comments?post=6987"}],"version-history":[{"count":0,"href":"http:\/\/syncmasters.net\/journal\/wp-json\/wp\/v2\/posts\/6987\/revisions"}],"wp:attachment":[{"href":"http:\/\/syncmasters.net\/journal\/wp-json\/wp\/v2\/media?parent=6987"}],"wp:term":[{"taxonomy":"category","embeddable":true,"href":"http:\/\/syncmasters.net\/journal\/wp-json\/wp\/v2\/categories?post=6987"},{"taxonomy":"post_tag","embeddable":true,"href":"http:\/\/syncmasters.net\/journal\/wp-json\/wp\/v2\/tags?post=6987"}],"curies":[{"name":"wp","href":"https:\/\/api.w.org\/{rel}","templated":true}]}}