{"id":7065,"date":"2022-02-09T00:05:35","date_gmt":"2022-02-09T00:05:35","guid":{"rendered":"http:\/\/syncmasters.net\/journal\/?p=7065"},"modified":"2022-02-09T00:05:35","modified_gmt":"2022-02-09T00:05:35","slug":"rencontre-mitterrand-kohl","status":"publish","type":"post","link":"http:\/\/syncmasters.net\/journal\/rencontre-mitterrand-kohl\/","title":{"rendered":"Rencontre mitterrand kohl"},"content":{"rendered":"<p>Kohl et Mitterrand main dans la main devant lossuaire de Douaumont, pr\u00e8s de Verdun, en Retour sur une image qui a marqu\u00e9 lhistoire Reportage pr\u00e9sent\u00e9 en situation par le journaliste Gilles JONCHAY depuis Latche dans les Landes o\u00f9 Fran\u00e7ois La premi\u00e8re rencontre entre Fran\u00e7ois Mitterrand et Helmut Schmidt le 24 mai 1981 est. A linverse, Helmut Kohl, d\u00e9sign\u00e9 chancelier en octobre 1982 Mar 21, 2015 M\u00e9morial Charles de Gaulle-Le Geste de Verdun: Mitterrand-Kohl SOMMAIRE. Lexposition c\u00e9l\u00e8bre le 30\u00e8me anniversaire dune rencontre May 29, 2016 HISTOIRE-Fran\u00e7ois Mitterrand et Helmut Kohl main dans la main: limage des deux dirigeants scellant \u00e0 Douaumont Meuse en 1984 lamiti\u00e9 Jun 23, 2017 Limage de Fran\u00e7ois Mitterrand et Helmut Kohl, main dans la main, Les rencontres franco-allemandes \u00e9taient rares \u00e0 l\u00e9poque Jun 18, 2017 Helmut Kohl et Fran\u00e7ois Mitterrand, avec Jean-Marie Bockel, lors du sommet franco-allemand \u00e0 Mulhouse le 31 mai 1994 Feb 8, 2017 Huit mois avant la rencontre entre Kohl et Mitterrand, le sort de Rudolf Hess avait \u00e9t\u00e9 publiquement \u00e9voqu\u00e9 par le pr\u00e9sident de la Sep 27, 2019 Apr\u00e8s Adenauer et De Gaulle, Schmidt et Giscard, Kohl et Mitterrand, un nouveau couple franco-allemand est en train d\u00e9merger. Agriculture Sep 12, 2009 Margaret Thatcher et Fran\u00e7ois Mitterrand entourent Helmut Kohl, Aurait dit Mitterrand lors dune rencontre avec Thatcher le 8 d\u00e9cembre Jun 1, 1993 UN an apr\u00e8s la rencontre franco-allemande de La Rochelle, cest au tour, aujourdhui, de Beaune daccueillir Helmut Kohl Traductions en contexte de Fran\u00e7ois Mitterrand en portugais-fran\u00e7ais avec Reverso. Fran\u00e7ois Mitterrand recebeu ali o chanceler alem\u00e3o Helmut Kohl Oct 26, 2016 Les multiples rencontres entre le chancelier allemand et le Pr\u00e9sident Fran\u00e7ois Mitterrand ont cr\u00e9\u00e9 une intimit\u00e9 entre les deux chefs dEtat, ainsi quentre les Jun 16, 2017 En ce jour du 22 septembre 1984, le pr\u00e9sident fran\u00e7ais et le chancellier allemand, d\u00e9c\u00e9d\u00e9 ce vendredi \u00e0 l\u00e2ge de 87 ans, se sont donn\u00e9 rendez-May 29, 2016 Fran\u00e7ois Mitterrand et Helmut Kohl main dans la main: limage des. Que sa main se d\u00e9tache l\u00e9g\u00e8rement et rencontre celle du chancelier May 28, 2016 Fran\u00e7ois Mitterrand et Helmut Kohl main dans la main \u00e0 lossuaire de Douaumont. Quelque temps apr\u00e8s la rencontre de Verdun, il expliquait Abonnez-vous http: bit. Lyinapolitique22 septembre 1984\u00c0 Douaumont pr\u00e8s de Verdun, hommage aux morts de.<\/p>\n","protected":false},"excerpt":{"rendered":"<p>Kohl et Mitterrand main dans la main devant lossuaire de Douaumont, pr\u00e8s de Verdun, en Retour sur une image qui a marqu\u00e9 lhistoire Reportage pr\u00e9sent\u00e9 en situation par le journaliste Gilles JONCHAY depuis Latche dans les Landes o\u00f9 Fran\u00e7ois La premi\u00e8re rencontre entre Fran\u00e7ois Mitterrand et Helmut Schmidt le 24 mai 1981 est. A linverse, [&hellip;]<\/p>\n","protected":false},"author":1,"featured_media":0,"comment_status":"closed","ping_status":"closed","sticky":false,"template":"","format":"standard","meta":{"footnotes":""},"categories":[],"tags":[],"_links":{"self":[{"href":"http:\/\/syncmasters.net\/journal\/wp-json\/wp\/v2\/posts\/7065"}],"collection":[{"href":"http:\/\/syncmasters.net\/journal\/wp-json\/wp\/v2\/posts"}],"about":[{"href":"http:\/\/syncmasters.net\/journal\/wp-json\/wp\/v2\/types\/post"}],"author":[{"embeddable":true,"href":"http:\/\/syncmasters.net\/journal\/wp-json\/wp\/v2\/users\/1"}],"replies":[{"embeddable":true,"href":"http:\/\/syncmasters.net\/journal\/wp-json\/wp\/v2\/comments?post=7065"}],"version-history":[{"count":0,"href":"http:\/\/syncmasters.net\/journal\/wp-json\/wp\/v2\/posts\/7065\/revisions"}],"wp:attachment":[{"href":"http:\/\/syncmasters.net\/journal\/wp-json\/wp\/v2\/media?parent=7065"}],"wp:term":[{"taxonomy":"category","embeddable":true,"href":"http:\/\/syncmasters.net\/journal\/wp-json\/wp\/v2\/categories?post=7065"},{"taxonomy":"post_tag","embeddable":true,"href":"http:\/\/syncmasters.net\/journal\/wp-json\/wp\/v2\/tags?post=7065"}],"curies":[{"name":"wp","href":"https:\/\/api.w.org\/{rel}","templated":true}]}}