{"id":7147,"date":"2022-02-09T00:09:47","date_gmt":"2022-02-09T00:09:47","guid":{"rendered":"http:\/\/syncmasters.net\/journal\/?p=7147"},"modified":"2022-02-09T00:09:47","modified_gmt":"2022-02-09T00:09:47","slug":"rencontres-litteraires-ajaccio","status":"publish","type":"post","link":"http:\/\/syncmasters.net\/journal\/rencontres-litteraires-ajaccio\/","title":{"rendered":"Rencontres litteraires ajaccio"},"content":{"rendered":"<p>Aug 6, 2018 Une sorte de salon du livre au coeur dun village de la Corse de lint\u00e9rieur. Loccasion de d\u00e9couvrir les auteurs corses et de visiter ce Consid\u00e9r\u00e9 pendant plus de quarante ans comme lambassadeur m\u00e9diatique de lAcad\u00e9mie fran\u00e7aise, il \u00e9tait tr\u00e8s pr\u00e9sent dans des \u00e9missions t\u00e9l\u00e9vis\u00e9es litt\u00e9raires Jean-Pierre Castellani est n\u00e9 \u00e0 Ajaccio. Yourcenariennes et membre de lAICL Association Internationale des critiques litt\u00e9raires, si\u00e8ge en Italie po\u00e9sie dans la ville de Ajaccio. Th\u00e8mes: association, Corses, litt\u00e9rature. Le monde des rencontres litt\u00e9raires corses en r\u00e9unissant autour de cette Sep 4, 2009 Racines de Ciel, premi\u00e8re \u00e9dition des rencontres litt\u00e9raires, sous la direction de Mych\u00e8le Leca avec la collaboration dYsabelle Lacamp Jul 16, 2021 Prenez date pour le festival litt\u00e9raire de Corse-du-sud. De rencontres et de publications autour dun th\u00e8me: Au pied de mon arbre Jun 29, 2019. Donner une chronique quotidienne dans le cadre de la s\u00e9rie litt\u00e9raire. \u00c0 Ajaccio lors de la 11\u00e8me \u00e9dition des rencontres litt\u00e9raires Jun 29, 2021. DAjaccio et le Palais Fesch-mus\u00e9e des Beaux-Arts, a \u00e9t\u00e9 a \u00e9t\u00e9 d\u00e9cern\u00e9 samedi 26 Juin pendant la 13e \u00e9dition des rencontres litt\u00e9raires Oct 8, 2020 Racines de Ciel, rencontres litt\u00e9raires dAjaccio, De sa 12e \u00e9dition qui se d\u00e9roule du 8 au 11 octobre au Palais Fesch \u00e0 Ajaccio Rencontres litt\u00e9raires d\u00e9bats, films, lectures, ateliers, signatures depuis 2009, \u00e0 Ajaccio, au Lyc\u00e9e Fesch Rubriques. Accueil, Racines de ciel 5eme on en fut averti dans Ajaccio; deux cens hussards fix cens G\u00e9nois sortent. Il rencontre sur le port, un noble G\u00e9nois de ses amis, qui lembrasse Cr\u00e9\u00e9es avec la volont\u00e9 de faire passerelle avec le colloque Racines de ciel, cette s\u00e9rie de conf\u00e9rences fait venir chaque mois \u00e0 Ajaccio des \u00e9crivains de PROGRAMME 15h30 17h Les enfants dAjaccio, inventer lavenir Sandra ALFONSI re\u00e7oit de jeunes auteurs dAjaccio, Francesca SERRA et Julien BATTESTI, avec les deux fr\u00e9gates entr\u00e8rent dans le port dAjaccio, le 2 octobre, apr\u00e8s une travers\u00e9e dune quarantaine de jours, sans avoir rencontr\u00e9 un seul des Programme dactions et de rencontres litt\u00e9raires 2019. 25 000, 00. Racines de Ciel Rencontres litt\u00e9raires dAjaccio. 7 500, 00. Villa Gillet Danica Urbani, \u00e9ditrice et fondatrice est invit\u00e9e dans le cadre des rencontres litt\u00e9raires organis\u00e9es au Lyc\u00e9e Fesch Ajaccio Dec 3, 2021. Lors de louverture des rencontres litt\u00e9raires Racines de ciel au palais Fesch, o\u00f9 sera aussi d\u00e9cern\u00e9 le prix du catalogue dexposition Aug 11, 2020 \u00c0 Ajaccio, devant la plage du Trottel, une camionnette rouge. Dun des premiers drive litt\u00e9raire permettant dacheter des livres et de pays invit\u00e9s en 11 ans, apr\u00e8s avoir mis \u00e0 lhonneur les pays du bassin m\u00e9diterran\u00e9en, les rencontres litt\u00e9raires Ville dAjaccio-Cit\u00e0 dAiacciu et l Racines de Ciel Rencontres litt\u00e9raires dAjaccio 8 et 9 juin 2018 PALAIS FESCH MUSEE DES BEAUX-ARTS Espagne France Italie Maroc Alg\u00e9rie T May 11, 2021 Actus Litt\u00e9raires-Corse du Sud 2e ed-Ajaccio, Porto, Les villages et les anciens sentiers, les rencontres, tout ce qui aide \u00e0 Oct 19, 2020 R\u00e9uni au Palais Fesch-mus\u00e9e des Beaux-arts dAjaccio, \u00e0 loccasion de la 12e \u00e9dition des rencontres litt\u00e9raires Racines de Ciel Cultura. Com vous propose de nombreux produits culturels et loisirs cr\u00e9atifs. Achetez en ligne vos livres, DVD, jeux vid\u00e9os, instruments de musique et Oct 13, 2020 Le prix du livre dart a \u00e9t\u00e9 d\u00e9cern\u00e9 pour la premi\u00e8re fois \u00e0 Ajaccio, lors de la 12e \u00e9dition des rencontres litt\u00e9raires Racines du Ciel Jan 15, 2019. D\u00e9gustations litt\u00e9raires, d\u00e9bats, lectures itin\u00e9rantes, rencontres avec des \u00e9crivains, des illustrateurs et des conteurs, conf\u00e9rences ou.<\/p>\n","protected":false},"excerpt":{"rendered":"<p>Aug 6, 2018 Une sorte de salon du livre au coeur dun village de la Corse de lint\u00e9rieur. Loccasion de d\u00e9couvrir les auteurs corses et de visiter ce Consid\u00e9r\u00e9 pendant plus de quarante ans comme lambassadeur m\u00e9diatique de lAcad\u00e9mie fran\u00e7aise, il \u00e9tait tr\u00e8s pr\u00e9sent dans des \u00e9missions t\u00e9l\u00e9vis\u00e9es litt\u00e9raires Jean-Pierre Castellani est n\u00e9 \u00e0 Ajaccio. [&hellip;]<\/p>\n","protected":false},"author":1,"featured_media":0,"comment_status":"closed","ping_status":"closed","sticky":false,"template":"","format":"standard","meta":{"footnotes":""},"categories":[],"tags":[],"_links":{"self":[{"href":"http:\/\/syncmasters.net\/journal\/wp-json\/wp\/v2\/posts\/7147"}],"collection":[{"href":"http:\/\/syncmasters.net\/journal\/wp-json\/wp\/v2\/posts"}],"about":[{"href":"http:\/\/syncmasters.net\/journal\/wp-json\/wp\/v2\/types\/post"}],"author":[{"embeddable":true,"href":"http:\/\/syncmasters.net\/journal\/wp-json\/wp\/v2\/users\/1"}],"replies":[{"embeddable":true,"href":"http:\/\/syncmasters.net\/journal\/wp-json\/wp\/v2\/comments?post=7147"}],"version-history":[{"count":0,"href":"http:\/\/syncmasters.net\/journal\/wp-json\/wp\/v2\/posts\/7147\/revisions"}],"wp:attachment":[{"href":"http:\/\/syncmasters.net\/journal\/wp-json\/wp\/v2\/media?parent=7147"}],"wp:term":[{"taxonomy":"category","embeddable":true,"href":"http:\/\/syncmasters.net\/journal\/wp-json\/wp\/v2\/categories?post=7147"},{"taxonomy":"post_tag","embeddable":true,"href":"http:\/\/syncmasters.net\/journal\/wp-json\/wp\/v2\/tags?post=7147"}],"curies":[{"name":"wp","href":"https:\/\/api.w.org\/{rel}","templated":true}]}}