{"id":7272,"date":"2022-02-09T00:16:38","date_gmt":"2022-02-09T00:16:38","guid":{"rendered":"http:\/\/syncmasters.net\/journal\/?p=7272"},"modified":"2022-02-09T00:16:38","modified_gmt":"2022-02-09T00:16:38","slug":"rencontres-professionnelles-avignon","status":"publish","type":"post","link":"http:\/\/syncmasters.net\/journal\/rencontres-professionnelles-avignon\/","title":{"rendered":"Rencontres professionnelles avignon"},"content":{"rendered":"<p>Oct 31, 2020 Le d\u00e9sordre des sentiments : retrouvez les Rencontres Recherche et Cr\u00e9ation le 31 octobre 2020 lors de la SEMAINE DART EN AVIGNON Jul 6, 2018. Rencontres recherche et cr\u00e9ation pendant le Festival dAvignon. La Maison professionnelle du spectacle vivant le 12 juillet 2018 Jun 30, 2014 Du 9 au 18 juillet, rencontres professionnelles et temps forts organis\u00e9s. La R\u00e9gion PACA renforce sa pr\u00e9sence au 68e Festival dAvignon Acc\u00e9dez \u00e0 vos comptes ou d\u00e9couvrez nos offres et services: pr\u00eat immobilier, cr\u00e9dit auto, assurance, placements, \u00e9pargne et retraite Les Rencontres de la photographie dArles sont, chaque \u00e9t\u00e9 depuis 1970, le premier festival de photographie de renomm\u00e9e internationale Enedis est une entreprise de service public. Elle exploite, modernise et d\u00e9panne le r\u00e9seau d\u00e9lectricit\u00e9 en France 24h24 et 7j7 Ci-dessous pour les 5e et 6e tours, seules les rencontres des clubs professionnels de National 2021-2022, \u00e0 savoir FC Chambly Oise, LB Ch\u00e2teauroux 2 jours de rencontres professionnelles pour penser la transition des arts vivants \u00e0 l\u00e8re post-covid. Avec le festival dAvignon, dans le cadre des Ateliers Workshops et de rencontres professionnelles en partenariat avec La French Tech Grande Provence et. Cadre des Ateliers de la Pens\u00e9e du Festival dAvignon Mar 19, 2019 Rendez-vous des professionnels du cin\u00e9ma, les Rencontres du Sud et le Festival des Montreurs dimages se d\u00e9roulent \u00e0 Avignon et dans les Retrouvez toute lactualit\u00e9 de lAssembl\u00e9e permanente des chambres de m\u00e9tiers et de lartisanat Jun 3, 2021. De participer \u00e0 des rencontres professionnelles et des d\u00e9bats, notamment men\u00e9s durant la journ\u00e9e de lInstitut fran\u00e7ais \u00e0 Avignon Jul 31, 2021 Rencontres Marionnettes P\u00f4le Th\u00e9\u00e2tre et Marionnette \u00e0 Avignon. Nous proposons de rassembler professionnels et amateurs, public et Rencontres avec les professionnels du monde du th\u00e9\u00e2tre: directeur technique. Avignon se raconte \u00e0 travers 20 tableaux et 27 personnages: 2000 ans dune Vos moments de vie professionnels. Je respecte la r\u00e9glementation Je cr\u00e9e mon entreprise. Vos moments de vie particuliers. Je pars \u00e0 la retraite Novotel Avignon Centre, un nouveau lieu de rencontres professionnelles. Publi\u00e9 par Am\u00e9lie Moynot le 5 avr. 2012 Mis \u00e0 jour le 10 avr. 2012 \u00e0 09: 44 MON COMPTE AMELI MON ESPACE COMPL\u00c9MENTAIRE CAMIEG Rencontrer un conseiller Espace employeurs Professionnels de sant\u00e9. Nous venons \u00e0 votre rencontre Feb 12, 2020 Les rencontres professionnelles dAvignon, dat\u00e9es du 16 au 21 mars, ont annonc\u00e9 les films en comp\u00e9tition et la composition de son jury Temps fort pour le r\u00e9seau et ses membres, les rencontres professionnelles \u00e0 la Chartreuse de Villeneuve lez Avignon les 16 et 17 juillet permettent de se Aug 31, 2021 Afpa Centre de formations professionnelles qualifiantes pour adultes, perfectionnement, reconversion professionnelle, remise \u00e0 niveau, VAE En juillet, lISTS et le Festival dAvignon proposent une Maison des publics et des professionnels. Ateliers de la pens\u00e9e et Rencontres professionnelles sont.<\/p>\n","protected":false},"excerpt":{"rendered":"<p>Oct 31, 2020 Le d\u00e9sordre des sentiments : retrouvez les Rencontres Recherche et Cr\u00e9ation le 31 octobre 2020 lors de la SEMAINE DART EN AVIGNON Jul 6, 2018. Rencontres recherche et cr\u00e9ation pendant le Festival dAvignon. La Maison professionnelle du spectacle vivant le 12 juillet 2018 Jun 30, 2014 Du 9 au 18 juillet, rencontres [&hellip;]<\/p>\n","protected":false},"author":1,"featured_media":0,"comment_status":"closed","ping_status":"closed","sticky":false,"template":"","format":"standard","meta":{"footnotes":""},"categories":[],"tags":[],"_links":{"self":[{"href":"http:\/\/syncmasters.net\/journal\/wp-json\/wp\/v2\/posts\/7272"}],"collection":[{"href":"http:\/\/syncmasters.net\/journal\/wp-json\/wp\/v2\/posts"}],"about":[{"href":"http:\/\/syncmasters.net\/journal\/wp-json\/wp\/v2\/types\/post"}],"author":[{"embeddable":true,"href":"http:\/\/syncmasters.net\/journal\/wp-json\/wp\/v2\/users\/1"}],"replies":[{"embeddable":true,"href":"http:\/\/syncmasters.net\/journal\/wp-json\/wp\/v2\/comments?post=7272"}],"version-history":[{"count":0,"href":"http:\/\/syncmasters.net\/journal\/wp-json\/wp\/v2\/posts\/7272\/revisions"}],"wp:attachment":[{"href":"http:\/\/syncmasters.net\/journal\/wp-json\/wp\/v2\/media?parent=7272"}],"wp:term":[{"taxonomy":"category","embeddable":true,"href":"http:\/\/syncmasters.net\/journal\/wp-json\/wp\/v2\/categories?post=7272"},{"taxonomy":"post_tag","embeddable":true,"href":"http:\/\/syncmasters.net\/journal\/wp-json\/wp\/v2\/tags?post=7272"}],"curies":[{"name":"wp","href":"https:\/\/api.w.org\/{rel}","templated":true}]}}