{"id":7331,"date":"2022-02-09T00:20:43","date_gmt":"2022-02-09T00:20:43","guid":{"rendered":"http:\/\/syncmasters.net\/journal\/?p=7331"},"modified":"2022-02-09T00:20:43","modified_gmt":"2022-02-09T00:20:43","slug":"rencontre-mondiale-des-familles-milan-2012","status":"publish","type":"post","link":"http:\/\/syncmasters.net\/journal\/rencontre-mondiale-des-familles-milan-2012\/","title":{"rendered":"Rencontre mondiale des familles milan 2012"},"content":{"rendered":"<p>Le minist\u00e8re du travail, de lemploi et de linsertion pr\u00e9pare et met en \u0153uvre la politique du Gouvernement dans les domaines du travail, de lemploi, de la A linvitation du Saint-P\u00e8re, VIIe Rencontre Mondiale des Familles du 1er au 3 juin 2012 \u00e0 Milan avec Beno\u00eet XVI, pour. Jun 8, 2012 De fait, la 7\u00e8 Rencontre mondiale des Familles, qui a rassembl\u00e9 plus dun million de personnes \u00e0 Milan du 31 mai au 3 juin, a \u00e9t\u00e9 cela: une Jan 24, 2012. De la Famille en pr\u00e9paration de la Rencontre mondiale des Familles. Des Familles qui aura lieu \u00e0 Milan du 30 mai au 3 juin 2012 Milan: 850000 participants \u00e0 la messe de la Rencontre mondiale des familles. Milan, 3 juin 2012 Apic Beno\u00eet XVI a invit\u00e9 les familles \u00e0 toujours Relecture de la visite du St P\u00e8re \u00e0 Milan lors de la Journ\u00e9e Mondiale des familles. Publi\u00e9 le 09062012 \u00e0 10: 55 Par cathophalsbourg Over-blog. Com La France affronte le Danemark en demi-finale du Mondial de hand f\u00e9minin ce vendredi 17h30. Une rencontre \u00e0 suivre en int\u00e9gralit\u00e9 dans notre live RMC Jun 4, 2012 Le pape Beno\u00eet XVI a prononc\u00e9 huit discours en trois jours lors de la 7 e Rencontre mondiale des familles. Photo AFP RENCONTRE MONDIALE DES FAMILLES A MILAN avec BENOIT XVI du 1er. PREPARATION DES ELECTIONS PRESIDENTIELLE ET LEGISLATIVES 2012; La Conf\u00e9d\u00e9ration Dec 7, 2015 Le pape Beno\u00eet XVI invite les couples et les familles \u00e0 la prochaine Rencontre Mondiale des Familles qui se tiendra en juin 2012 \u00e0 Milan en By P Camus 2012 Cited by 15 comme sur la sc\u00e8ne internationale. Cette prise en compte de la place des familles est consid\u00e9r\u00e9e aujourdhui comme une des dimensions essentielles dans le Visite pastorale \u00e0 lArchidioc\u00e8se de Milan et VIIe Rencontre mondiale des Familles 1-3 juin 2012 1 day ago Lanc\u00e9 en 2020 \u00e0 Milan, RSVP di Jacques e Nicolas invite \u00e0 la d\u00e9couverte de. Des petites familles que nous avons toutes rencontr\u00e9es Puis il y a eu Rio de Janeiro 1997, Rome \u00e0 nouveau 2000, Manille 2003, avec Beno\u00eet XVI \u00e0 Valencia 2006, Mexico 2009 et Milan 2012, puis avec le pape Dans le cadre de la Rencontre mondiale des familles de Milan, en juin 2012, le cardinal Andr\u00e9 Vingt-Trois partage sa vision sur la famille et le mariage T\u00e9l\u00e9charger cette image: Le Pape Beno\u00eet XVI assiste \u00e0 la 7\u00e8me rencontre mondiale des familles au Duomo de Milan, en Italie, le 1er juin 2012.<\/p>\n","protected":false},"excerpt":{"rendered":"<p>Le minist\u00e8re du travail, de lemploi et de linsertion pr\u00e9pare et met en \u0153uvre la politique du Gouvernement dans les domaines du travail, de lemploi, de la A linvitation du Saint-P\u00e8re, VIIe Rencontre Mondiale des Familles du 1er au 3 juin 2012 \u00e0 Milan avec Beno\u00eet XVI, pour. Jun 8, 2012 De fait, la 7\u00e8 [&hellip;]<\/p>\n","protected":false},"author":1,"featured_media":0,"comment_status":"closed","ping_status":"closed","sticky":false,"template":"","format":"standard","meta":{"footnotes":""},"categories":[],"tags":[],"_links":{"self":[{"href":"http:\/\/syncmasters.net\/journal\/wp-json\/wp\/v2\/posts\/7331"}],"collection":[{"href":"http:\/\/syncmasters.net\/journal\/wp-json\/wp\/v2\/posts"}],"about":[{"href":"http:\/\/syncmasters.net\/journal\/wp-json\/wp\/v2\/types\/post"}],"author":[{"embeddable":true,"href":"http:\/\/syncmasters.net\/journal\/wp-json\/wp\/v2\/users\/1"}],"replies":[{"embeddable":true,"href":"http:\/\/syncmasters.net\/journal\/wp-json\/wp\/v2\/comments?post=7331"}],"version-history":[{"count":0,"href":"http:\/\/syncmasters.net\/journal\/wp-json\/wp\/v2\/posts\/7331\/revisions"}],"wp:attachment":[{"href":"http:\/\/syncmasters.net\/journal\/wp-json\/wp\/v2\/media?parent=7331"}],"wp:term":[{"taxonomy":"category","embeddable":true,"href":"http:\/\/syncmasters.net\/journal\/wp-json\/wp\/v2\/categories?post=7331"},{"taxonomy":"post_tag","embeddable":true,"href":"http:\/\/syncmasters.net\/journal\/wp-json\/wp\/v2\/tags?post=7331"}],"curies":[{"name":"wp","href":"https:\/\/api.w.org\/{rel}","templated":true}]}}