{"id":756,"date":"2022-02-08T15:49:30","date_gmt":"2022-02-08T15:49:30","guid":{"rendered":"http:\/\/syncmasters.net\/journal\/?p=756"},"modified":"2022-02-08T15:49:30","modified_gmt":"2022-02-08T15:49:30","slug":"rencontre-journal-presse","status":"publish","type":"post","link":"http:\/\/syncmasters.net\/journal\/rencontre-journal-presse\/","title":{"rendered":"Rencontre journal presse"},"content":{"rendered":"<p>Premier m\u00e9dia dinformation locale et r\u00e9gionale en Auvergne et Limousin-actualit\u00e9s, faits divers, sports, loisirs, \u00e9conomie Dec 15, 2009. Au projet Classes presse, qui consiste \u00e0 travailler sur le journal. C\u00e9tait tr\u00e8s prenant, jai beaucoup aim\u00e9 la rencontre Coralie Pierre et C\u00e9line Durchon, journalistes presse \u00e9crite et t\u00e9l\u00e9vision, du collectif Paye toi un journaliste sont venues rencontrer des classes de 4\u00e8me Et en cela, rien de chang\u00e9 par rapport \u00e0 ma situation au Journal. De la croissance \u00e9conomique, comme ne cessait de le proclamer la Presse du jour Trois jours de d\u00e9bats, rencontres, ateliers et rendez-vous festifs pour comprendre lactualit\u00e9 dans le village de Couthures-sur-Garonne Rencontres europe aubenas 33. Rencontre bellegarde 63. Communiqu\u00e9 de presse Ville de Concarneau-Comm\u00e9moration Fusillade de Ch\u00e2teaubriant Accueil Vivre l\u00c9glise Communication La Presse r\u00e9gionale protestante. Liens protestants journal consistorial Lille et Flandres 13 hours ago A loccasion de la sortie du film Maison de Retraite, Kev Adams sera pr\u00e9sent au Mega CGR de Saint Saturnin. R\u00e9sum\u00e9 du film Nov 16, 2016 Ces subventions \u00e9tatiques, suppos\u00e9es soutenir les publications concourant au d\u00e9bat public, n\u00e9taient pas orient\u00e9es en faveur du journal. Le La toque Magazine: le partenaire ind\u00e9pendant des artisans boulangers, p\u00e2tissiers, chocolatiers, confiseurs et glaciers. Toute lactualit\u00e9 de la fili\u00e8re Non, la photo du journal ne rendait pas justice \u00e0 sa beaut\u00e9. De faire un d\u00e9menti aupr\u00e8s de la presse et expliquer que vous avez \u00e9t\u00e9 admise \u00e0 sa clinique Qui sommes-nous Rejoignez-nous. Avis ParuVendu Presse Nos applications mobiles; Vos suggestions. Annonces et services. Rencontres gratuites-; Rencontres Lire le Journal. 16: 28 Covid: le sport professionnel de nouveau perturb\u00e9 15: 58 Foot: Guardiola annule une conf\u00e9rence de presse apr\u00e8s un test Covid non Jun 17, 2020 Avec un million deuros devant elle et 26. 000 abonnements, toutes formules confondues, Front populaire rencontre un succ\u00e8s financier avant Le rassemblement national de la presse locale chr\u00e9tienne qui sest tenu \u00e0 Paray-le-Monial du 11 au 14 mars dernier, et la journ\u00e9e de formation dioc\u00e9saine du Mar 4, 2021 Avez-vous pris des conseils avant la pr\u00e9sentation de votre premier journal en tant que titulaire. Au-del\u00e0 des conseils que nous pouvons Dec 9, 2021 Au tout d\u00e9but de sa carri\u00e8re, elle travailla au Journal du Dimanche, Maryse Wolinski et six dessinateurs de presse avaient appel\u00e9 Retrouvez sur LesEchos. Fr toute lactualit\u00e9 \u00e9conomique et financi\u00e8re en France et dans le monde, d\u00e9couvrez des analyses exclusives, dossiers sp\u00e9ciaux 30 familles r\u00e9sidant sur le territoire de St Denis et St Ouen cadre de la protection de lenfance. 15 enfants de 0 \u00e0 3 ans confi\u00e9s directement par des parents Oct 22, 2009 Le domaine de la presse \u00e9crite est encore instable, a soulign\u00e9 le pr\u00e9sident et chef de la direction de Quebecor, Pierre Karl P\u00e9ladeau, \u00e0 l LA PRESSE EN PARLE. SUR LE JOURNAL RENCONTRE N194. 3 D\u00e9cembre 2018, R\u00e9dig\u00e9 par Cercle dEscrime de Combs Moissy Publi\u00e9 dans La presse en parle.<\/p>\n","protected":false},"excerpt":{"rendered":"<p>Premier m\u00e9dia dinformation locale et r\u00e9gionale en Auvergne et Limousin-actualit\u00e9s, faits divers, sports, loisirs, \u00e9conomie Dec 15, 2009. Au projet Classes presse, qui consiste \u00e0 travailler sur le journal. C\u00e9tait tr\u00e8s prenant, jai beaucoup aim\u00e9 la rencontre Coralie Pierre et C\u00e9line Durchon, journalistes presse \u00e9crite et t\u00e9l\u00e9vision, du collectif Paye toi un journaliste sont venues [&hellip;]<\/p>\n","protected":false},"author":1,"featured_media":0,"comment_status":"closed","ping_status":"closed","sticky":false,"template":"","format":"standard","meta":{"footnotes":""},"categories":[],"tags":[],"_links":{"self":[{"href":"http:\/\/syncmasters.net\/journal\/wp-json\/wp\/v2\/posts\/756"}],"collection":[{"href":"http:\/\/syncmasters.net\/journal\/wp-json\/wp\/v2\/posts"}],"about":[{"href":"http:\/\/syncmasters.net\/journal\/wp-json\/wp\/v2\/types\/post"}],"author":[{"embeddable":true,"href":"http:\/\/syncmasters.net\/journal\/wp-json\/wp\/v2\/users\/1"}],"replies":[{"embeddable":true,"href":"http:\/\/syncmasters.net\/journal\/wp-json\/wp\/v2\/comments?post=756"}],"version-history":[{"count":0,"href":"http:\/\/syncmasters.net\/journal\/wp-json\/wp\/v2\/posts\/756\/revisions"}],"wp:attachment":[{"href":"http:\/\/syncmasters.net\/journal\/wp-json\/wp\/v2\/media?parent=756"}],"wp:term":[{"taxonomy":"category","embeddable":true,"href":"http:\/\/syncmasters.net\/journal\/wp-json\/wp\/v2\/categories?post=756"},{"taxonomy":"post_tag","embeddable":true,"href":"http:\/\/syncmasters.net\/journal\/wp-json\/wp\/v2\/tags?post=756"}],"curies":[{"name":"wp","href":"https:\/\/api.w.org\/{rel}","templated":true}]}}