{"id":7604,"date":"2022-02-09T00:37:13","date_gmt":"2022-02-09T00:37:13","guid":{"rendered":"http:\/\/syncmasters.net\/journal\/?p=7604"},"modified":"2022-02-09T00:37:13","modified_gmt":"2022-02-09T00:37:13","slug":"premiere-rencontre-photo-arles","status":"publish","type":"post","link":"http:\/\/syncmasters.net\/journal\/premiere-rencontre-photo-arles\/","title":{"rendered":"Premiere rencontre photo arles"},"content":{"rendered":"<p>Mar 13, 2020 Le festival pr\u00e9sentera au public en premi\u00e8re mondiale la collection de photomontages, n\u00e9gatifs et tirages d\u00e9poque de larchitecte et designer Jun 28, 2021 Pour accompagner les Rencontres de la photographie dArles, qui auront lieu du 4 juillet au 26 septembre, plusieurs ouvrages sont Jun 27, 2019 1970 Premi\u00e8re \u00e9dition des Rencontres internationales de la photographie dArles 1970. Source photo Du 28 juin au 12 juillet 1970 avait Jul 26, 2019 De passage \u00e0 Arles cet \u00e9t\u00e9. Retrouvez notre s\u00e9lection dexpositions coups de coeur de la cinquanti\u00e8me \u00e9dition du festival photo les Les Rencontres de la photographie dArles sont, chaque \u00e9t\u00e9 depuis 1970, le premier festival de photographie de renomm\u00e9e internationale Les Rencontres de la photographie dArles sont, chaque \u00e9t\u00e9 depuis 1970, le premier festival de photographie de renomm\u00e9e internationale fr\u00e9quentation de 26 par rapport \u00e0 2019 avec 14 000 festivaliers la premi\u00e8re semaine. \u00c0 Arles, des Rencontres Photo 2021 recadr\u00e9es en petit format Sep 25, 2021 De Montpellier aux Rencontres de la photographie dArles Les Rencontres de. Annuel de photographie, fond\u00e9 Cest en partant de la premi\u00e8re Jul 27, 2021 Cest la premi\u00e8re fois que ce festival historique de la photographie investit non pas un comme c\u00e9tait le cas en 2019 mais deux espaces verts Jul 5, 2021 Au premier \u00e9tage du Monoprix, l\u00e9trange univers de D\u00e9sid\u00e9ration-D R. Les vagues furieuses de Lisa Kohl envahissent Jul 2, 2010 Marin Karmitz pr\u00e9sente pour la premi\u00e8re fois sa collection de photographie qui a la particularit\u00e9 daccompagner des artistes sur le long terme: Jul 26, 2011 Les Rencontres de la Photographie dArles sont de retour pour une nouvelle \u00e9dition \u00e0 partir du 1er juillet 2019 Vacances sportives, s\u00e9jours et week-ends sportifs depuis 1965 Jul 5, 2021 Le nouveau directeur des Rencontres dArles, Christoph Wiesner, Les derniers d\u00e9tails de la premi\u00e8re \u00e9dition de Paris Photo New York Mar 12, 2022 Jahneration, cest la rencontre de deux jeunes passionn\u00e9s d\u00e9termin\u00e9s \u00e0 r\u00e9aliser leur r\u00eave le plus fou. D\u00e8s les premi\u00e8res sonorit\u00e9s Photo dune structure lumineuse repr\u00e9sentant un st\u00e9gosaure. Photo en gros plan dune feuille de bananier. Aidez le Mus\u00e9um \u00e0 financer la premi\u00e8re Jul 12, 2021 Exposition Une vie de photographe, de Sabine Weiss, le premier jour du festival de photographie Les Rencontres dArles, \u00e0 Arles Jul 3, 2013 En 1986, lors de mon premier passage \u00e0 la direction des Rencontres, javais choqu\u00e9 les administrateurs du festival en proposant un programme Retrouvez lactualit\u00e9 du Sud Ouest en direct et toutes les informations r\u00e9gionales: politique, \u00e9conomie, sport, photos et vid\u00e9os 1 juillet 22 septembre 2019 10h-19h30. La M\u00e9canique G\u00e9n\u00e9rale Les Rencontres de la Photographie dArles 34 Rue du Dr Fanton, 13200 Arles Jun 8, 2021 Pour ses deux premi\u00e8res ann\u00e9es, le LAB a \u00e9t\u00e9 d\u00e9di\u00e9 \u00e0 un projet de recherche sur la place des femmes qui ont marqu\u00e9 la photographie depuis ses Reportage sur le travail de Marie Pierre VINCENT qui expose \u00e0 Arles dans le cadre des Rencontres Jul 1, 2019. Histoire et prospective afin dengager les 50 prochaines ann\u00e9es. Rencontres de la Photographie dArles 1er juillet-22 septembre 2019.<\/p>\n","protected":false},"excerpt":{"rendered":"<p>Mar 13, 2020 Le festival pr\u00e9sentera au public en premi\u00e8re mondiale la collection de photomontages, n\u00e9gatifs et tirages d\u00e9poque de larchitecte et designer Jun 28, 2021 Pour accompagner les Rencontres de la photographie dArles, qui auront lieu du 4 juillet au 26 septembre, plusieurs ouvrages sont Jun 27, 2019 1970 Premi\u00e8re \u00e9dition des Rencontres internationales [&hellip;]<\/p>\n","protected":false},"author":1,"featured_media":0,"comment_status":"closed","ping_status":"closed","sticky":false,"template":"","format":"standard","meta":{"footnotes":""},"categories":[],"tags":[],"_links":{"self":[{"href":"http:\/\/syncmasters.net\/journal\/wp-json\/wp\/v2\/posts\/7604"}],"collection":[{"href":"http:\/\/syncmasters.net\/journal\/wp-json\/wp\/v2\/posts"}],"about":[{"href":"http:\/\/syncmasters.net\/journal\/wp-json\/wp\/v2\/types\/post"}],"author":[{"embeddable":true,"href":"http:\/\/syncmasters.net\/journal\/wp-json\/wp\/v2\/users\/1"}],"replies":[{"embeddable":true,"href":"http:\/\/syncmasters.net\/journal\/wp-json\/wp\/v2\/comments?post=7604"}],"version-history":[{"count":0,"href":"http:\/\/syncmasters.net\/journal\/wp-json\/wp\/v2\/posts\/7604\/revisions"}],"wp:attachment":[{"href":"http:\/\/syncmasters.net\/journal\/wp-json\/wp\/v2\/media?parent=7604"}],"wp:term":[{"taxonomy":"category","embeddable":true,"href":"http:\/\/syncmasters.net\/journal\/wp-json\/wp\/v2\/categories?post=7604"},{"taxonomy":"post_tag","embeddable":true,"href":"http:\/\/syncmasters.net\/journal\/wp-json\/wp\/v2\/tags?post=7604"}],"curies":[{"name":"wp","href":"https:\/\/api.w.org\/{rel}","templated":true}]}}