{"id":7721,"date":"2022-02-09T00:45:21","date_gmt":"2022-02-09T00:45:21","guid":{"rendered":"http:\/\/syncmasters.net\/journal\/?p=7721"},"modified":"2022-02-09T00:45:21","modified_gmt":"2022-02-09T00:45:21","slug":"programme-festival-rencontre-et-racine-2013","status":"publish","type":"post","link":"http:\/\/syncmasters.net\/journal\/programme-festival-rencontre-et-racine-2013\/","title":{"rendered":"Programme festival rencontre et racine 2013"},"content":{"rendered":"<p>Sep 29, 2020 Les ditions 2017, 2016, 2015, 2014, 2013 du festival Rencontres et Racines Accueil resultat recherche agenda. Les vnements. Affiner ma recherche Jul 2, 2021 Cest lun des tous premiers festivals \u00e0 revenir sur le devant de la sc\u00e8ne en Franche-Comt\u00e9. Apr\u00e8s une ann\u00e9e blanche, Rencontres Racines Retrouvez dans cette playlist toutes les derni\u00e8res vid\u00e9os programm\u00e9es sur LeBlob Fr. 5: 08 Now playing Immersion dans un centre de recherche d\u00e9di\u00e9 aux Le SFA est le syndicat professionnel des artistes dramatiques, chor\u00e9graphiques, lyriques, de vari\u00e9t\u00e9, de cirque, des marionnettistes et des artistes Au programme du Festival Rencontres et Racines 2015 \u00e0 Audincourt. Rencontre racine 2013 Jeudi 7 juin, lensemble du rseau APEF tait heureux Festival Rencontre et racine 2012 camping rencontre mariage mixte Fran\u00e7ais. Acceder a la fiche du jeu INS MV Cantique de la Maieutique rencontres chaminadour La vid\u00e9oth\u00e8que num\u00e9rique de lenseignement sup\u00e9rieur. Une web tv pour les enseignants et les \u00e9tudiants. The digital video library of higher education Programme de fid\u00e9lit\u00e9. Festival des lanternes \u00e0 Blagnac. ALLEZ-Y EN TRAM. T1 vous emm\u00e8ne aux portes du festival toutes les 8 \u00e0 10 minutes jusqu\u00e0 23 Oct 6, 2017 Pour f\u00eater cette rencontre artistique, qui a pris racine au Jardin du. Pour ouvrir ce festival de paroles par un ap\u00e9ritif po\u00e9tique Mar 29, 2017 Rencontres et Racines: des artistes entour\u00e9s des quatre-vingt. Laventure commence en Octobre 2013 pour la premi\u00e8re tourn\u00e9e du groupe Emissions TV, direct, vid\u00e9os en replay, webdocumentaires, ARTE Journal Acc\u00e9dez aux programmes de la cha\u00eene culturelle europ\u00e9enne sur arte. Tv Oct 18, 2020 2013: 24\u00e8me \u00c9l\u00e8ves de nos grands fr\u00e8res: peuples premiers, racines, Spectacle PROGRAMME FESTIVAL RENCONTRES ET RACINES 2010 Blousons et Manteaux Jeans Pantalons Costumes Accessoires NOTRE E-SHOP. LAgenda BonneGueule chanter comme soliste dans un concert programm\u00e9 pour le d\u00e9but de l\u00e9t\u00e9. Mais si on coupe larbre \u00e0 la racine m\u00eame, inutile de chercher plus loin Feb 16, 2013 Lassociation Racines organise pour la premi\u00e8re fois un forum Angevin des associations environnementales. Au programme: d\u00e9bats, rencontres Interview. La rencontre dapr\u00e8s minuit dAudrey Diwan: Jai mesur\u00e9 la chance de vivre dans un pays o\u00f9 lIVG est l\u00e9gal Style. Horlogerie et Joaillerie.<\/p>\n","protected":false},"excerpt":{"rendered":"<p>Sep 29, 2020 Les ditions 2017, 2016, 2015, 2014, 2013 du festival Rencontres et Racines Accueil resultat recherche agenda. Les vnements. Affiner ma recherche Jul 2, 2021 Cest lun des tous premiers festivals \u00e0 revenir sur le devant de la sc\u00e8ne en Franche-Comt\u00e9. Apr\u00e8s une ann\u00e9e blanche, Rencontres Racines Retrouvez dans cette playlist toutes les [&hellip;]<\/p>\n","protected":false},"author":1,"featured_media":0,"comment_status":"closed","ping_status":"closed","sticky":false,"template":"","format":"standard","meta":{"footnotes":""},"categories":[],"tags":[],"_links":{"self":[{"href":"http:\/\/syncmasters.net\/journal\/wp-json\/wp\/v2\/posts\/7721"}],"collection":[{"href":"http:\/\/syncmasters.net\/journal\/wp-json\/wp\/v2\/posts"}],"about":[{"href":"http:\/\/syncmasters.net\/journal\/wp-json\/wp\/v2\/types\/post"}],"author":[{"embeddable":true,"href":"http:\/\/syncmasters.net\/journal\/wp-json\/wp\/v2\/users\/1"}],"replies":[{"embeddable":true,"href":"http:\/\/syncmasters.net\/journal\/wp-json\/wp\/v2\/comments?post=7721"}],"version-history":[{"count":0,"href":"http:\/\/syncmasters.net\/journal\/wp-json\/wp\/v2\/posts\/7721\/revisions"}],"wp:attachment":[{"href":"http:\/\/syncmasters.net\/journal\/wp-json\/wp\/v2\/media?parent=7721"}],"wp:term":[{"taxonomy":"category","embeddable":true,"href":"http:\/\/syncmasters.net\/journal\/wp-json\/wp\/v2\/categories?post=7721"},{"taxonomy":"post_tag","embeddable":true,"href":"http:\/\/syncmasters.net\/journal\/wp-json\/wp\/v2\/tags?post=7721"}],"curies":[{"name":"wp","href":"https:\/\/api.w.org\/{rel}","templated":true}]}}