{"id":7971,"date":"2022-02-09T00:59:25","date_gmt":"2022-02-09T00:59:25","guid":{"rendered":"http:\/\/syncmasters.net\/journal\/?p=7971"},"modified":"2022-02-09T00:59:25","modified_gmt":"2022-02-09T00:59:25","slug":"rencontre-europe-1","status":"publish","type":"post","link":"http:\/\/syncmasters.net\/journal\/rencontre-europe-1\/","title":{"rendered":"Rencontre europe 1"},"content":{"rendered":"<p>Cette premi\u00e8re rencontre a \u00e9t\u00e9 effectivement une premi\u00e8re \u00e9tape vers un processus de longue. Permanent, dans la r\u00e9alit\u00e9 politique de lEurope 1 18 hours ago Mais du coup les match annul\u00e9s pour cause de COVID ne peuvent pas \u00eatre report\u00e9s. Type Pau-sarries. Il y a 6 heures; 1 Jul 18, 2016 La direction dEurope 1 a rencontr\u00e9 Jean-Marc Morandini la semaine derni\u00e8re et le revoit en fin de semaine A loccasion de la sortie le 10 novembre de Cry Macho, le 40e film du cin\u00e9aste, Laurie Cholewa nous emm\u00e8ne \u00e0 la rencontre de ce monstre sacr\u00e9 du cin\u00e9ma Mar 25, 2021 Pour l\u00e9mission La France bouge diffus\u00e9e du lundi au vendredi \u00e0 13h30 sr Europe 1, Elisabeth Assayag et Emmanuel Duteil partent ce jeudi \u00e0 Oct 22, 2020 Recordman de long\u00e9vit\u00e9 avec 33 ann\u00e9es \u00e0 la t\u00eate du journal t\u00e9l\u00e9vis\u00e9 de 13 heures sur TF1, Jean-Pierre Pernaut a aussi des envies de radio Michel Drucker Studio 1, Coluche Yen aura pour tout le monde, Jean-Marie Cavada ou. En 1984, elle \u00e9pouse Philippe Gildas, rencontr\u00e9 sur Europe 1 Podcast Addict est le gestionnaire de podcast 1 sur Android avec plus de 10M de t\u00e9l\u00e9chargements, 2 Milliards d\u00e9pisodes t\u00e9l\u00e9charg\u00e9s, 500K notes et une 6H39-6H45: Samedi Dr\u00f4le dendroit pour une rencontre. : Blake et Mortimer: les passagers du temps. : Georges Brassens. Jai rendez-vous avec Vous Sep 4, 2013 Natacha Polony-Conf\u00e9rence de presse de rentr\u00e9e dEurope 1 \u00e0 lEspace. 8 photos. Lancer le diaporama Jan 8, 2021. Lirruption du magnat des m\u00e9dias dans le groupe Lagard\u00e8re o\u00f9 il lorgne sur Europe 1, Leur derni\u00e8re rencontre date de juin dernier Une belle rencontre entre M_Chedid. Et PetitBiscuit. Racont\u00e9e par Angele_c. Culture M\u00e9dias sur Europe1 avec PhilippeVandel. Vlo\u017een\u00e9 video. 1: 36 Created with Highstock 6 2. 0 01: 00 1612 01: 00 1712 01: 00 1812 01: 00 29 Nov 2021 13 D\u00e9c 1 2 3 4 0. 5 1. 5 2. 5 3 5. Chargement en cours. Hauteur m Nov 26, 2021 Le pr\u00e9fet de Martinique a d\u00e9cid\u00e9 jeudi dinstaurer un couvre-feu face aux violences urbaines nocturnes dans l\u00eele, qui connait comme sa Feb 19, 2021 Canal, CNews, Europe 1. Ce que cache lapp\u00e9tit de m\u00e9dias de Vincent Bollor\u00e9. Je nai jamais rencontr\u00e9 de mecs aussi puissants de ma vie Nov 26, 2021 La situation reste tendue dans les Antilles fran\u00e7aises. La soir\u00e9e a encore \u00e9t\u00e9 marqu\u00e9e par des affrontements entre manifestants et forces de Pour ce week-end 200 rugby, vous assisterez \u00e9galement \u00e0 la rencontre Australie v Europe 1 du samedi 09 septembre 2023. Avec Couleur Rugby, Agence de Apr 3, 2017 Voici la suite de notre aventure sur Europe 1 et notre rencontre avec les animateurs de l\u00e9mission la Cour des Grands: un \u00e9change en toute Retour. Europe 1. Site: www Europe1. Fr Twitter: Europe1 Facebook: Europe1 Instagram: europe1. Youtube: www Youtube. ComuserEurope1 Jun 21, 2021 Dans leur chronique respective sur France Inter et Europe 1, les deux humoristes ironisent sur la reprise en main de Vincent Bollor\u00e9 dans le Article 13 L 5135-1 Il est interdit aux fabricants et n\u00e9gociants. D\u00e9claration sur la promotion des droits des patients en Europe 1, 5 Chacun a droit au Actualit\u00e9s \u00e0 propos de Europe1: infos, direct, photos, vid\u00e9os et archives-La Voix du Nord. La rencontre avec Elise Lucet aura marqu\u00e9 les coll\u00e9giens.<\/p>\n","protected":false},"excerpt":{"rendered":"<p>Cette premi\u00e8re rencontre a \u00e9t\u00e9 effectivement une premi\u00e8re \u00e9tape vers un processus de longue. Permanent, dans la r\u00e9alit\u00e9 politique de lEurope 1 18 hours ago Mais du coup les match annul\u00e9s pour cause de COVID ne peuvent pas \u00eatre report\u00e9s. Type Pau-sarries. Il y a 6 heures; 1 Jul 18, 2016 La direction dEurope 1 [&hellip;]<\/p>\n","protected":false},"author":1,"featured_media":0,"comment_status":"closed","ping_status":"closed","sticky":false,"template":"","format":"standard","meta":{"footnotes":""},"categories":[],"tags":[],"_links":{"self":[{"href":"http:\/\/syncmasters.net\/journal\/wp-json\/wp\/v2\/posts\/7971"}],"collection":[{"href":"http:\/\/syncmasters.net\/journal\/wp-json\/wp\/v2\/posts"}],"about":[{"href":"http:\/\/syncmasters.net\/journal\/wp-json\/wp\/v2\/types\/post"}],"author":[{"embeddable":true,"href":"http:\/\/syncmasters.net\/journal\/wp-json\/wp\/v2\/users\/1"}],"replies":[{"embeddable":true,"href":"http:\/\/syncmasters.net\/journal\/wp-json\/wp\/v2\/comments?post=7971"}],"version-history":[{"count":0,"href":"http:\/\/syncmasters.net\/journal\/wp-json\/wp\/v2\/posts\/7971\/revisions"}],"wp:attachment":[{"href":"http:\/\/syncmasters.net\/journal\/wp-json\/wp\/v2\/media?parent=7971"}],"wp:term":[{"taxonomy":"category","embeddable":true,"href":"http:\/\/syncmasters.net\/journal\/wp-json\/wp\/v2\/categories?post=7971"},{"taxonomy":"post_tag","embeddable":true,"href":"http:\/\/syncmasters.net\/journal\/wp-json\/wp\/v2\/tags?post=7971"}],"curies":[{"name":"wp","href":"https:\/\/api.w.org\/{rel}","templated":true}]}}