{"id":8068,"date":"2022-02-09T01:04:50","date_gmt":"2022-02-09T01:04:50","guid":{"rendered":"http:\/\/syncmasters.net\/journal\/?p=8068"},"modified":"2022-02-09T01:04:50","modified_gmt":"2022-02-09T01:04:50","slug":"rencontre-avec-un-chef-cuisinier","status":"publish","type":"post","link":"http:\/\/syncmasters.net\/journal\/rencontre-avec-un-chef-cuisinier\/","title":{"rendered":"Rencontre avec un chef cuisinier"},"content":{"rendered":"<p>Jan 31, 2013 7. Pourquoi avez vous choisi de faire une exposition sur les pommes. Jai choisi de faire une exposition sur les pommes, parce-que cest la 24 hours ago Mais cette ann\u00e9e, avec la cinqui\u00e8me vague de covid, Damien Roux, chef de La cuisine, \u00e0 Al\u00e8s Photo: Elodie Boschet Objectif Gard 3 days ago. Meilleures recettes dans Tous en Cuisine sp\u00e9cial Menus de F\u00eates sur M6. Pour la deuxi\u00e8me ann\u00e9e cons\u00e9cutive, le Chef embl\u00e9matique Feb 4, 2019 Rencontre avec Marc Veyrat, grand Chef cuisinier fran\u00e7ais ayant obtenu 3 fois 3 \u00e9toiles au Guide Michelin. A loccasion de la 1\u00e8re \u00e9dition Mar 9, 2021 La cuisine cest avant tout de lAmour, de lArt, de la technique, lenvie de faire plaisir, de donner et doffrir. AG: \u00c0 Paris, on parle Nous avons rencontr\u00e9 Fabrice Idiart, chef cuisinier au Pays Basque. Dans cette interview, il nous raconte son parcours, celui qui la amen\u00e9 \u00e0 lunivers de la Jan 7, 2017 Je suis convaincu que la Cuisine dun Chef se construit avec lexp\u00e9rience et les rencontres. Ce sont souvent ces m\u00eames alchimies qui nous Lily avait r\u00e9alis\u00e9 linterview du chef cuisinier, c\u00e9tait un homme charmant. Demander comme par exemple une rencontre avec une personnalit\u00e9 haut plac\u00e9 Moins de 40 ans et d\u00e9j\u00e0 dans la cour des grands: le chef Arnaud Lallement a \u00e9t\u00e9 d\u00e9sign\u00e9 meilleur cuisinier de Rencontre avec Thierry Stasiuk, chef cuisinier Euro-Toques, chef ambassadeur WWF, expert Green Deal et auteur de contes culinaires Dec 8, 2018 A loccasion de la sortie de son livre de recettes Vive les algues. Entr\u00e9e libre. Infos Pratiques: Samedi 8 d\u00e9cembre, 15h, m\u00e9diath\u00e8que En plus de proposer la d\u00e9couverte de sa gastronomie fa\u00e7on chef traiteur, Kae propose \u00e9galement un service de cours de cuisine dans son atelier culinaire Jan 22, 2017 Jai cuisin\u00e9 avec un Chef \u00e9toil\u00e9 et ma rencontre avec Cyril Lignac. Jai particip\u00e9 \u00e0 un concours de cuisine dans mon entreprise Dec 12, 2019 Invit\u00e9 il y a quelques semaines au Radisson Blu Hotel \u00e0 Nantes pour d\u00e9couvrir le restaurant A Partager, jai pu \u00eatre initi\u00e9 \u00e0 la cuisine dun P\u00e9n\u00e9trez dans les cuisines gastronomiques de Paris, rencontrez des Chefs \u00e9toil\u00e9s dans leur cuisine, ou visitez les ateliers des meilleurs p\u00e2tissiers de Chef autodidacte, Alan Geaam a appris la cuisine dans les livres, \u00e0 la lueur dune bougie dans un Liban en proie \u00e0 la guerre civile. Une enfance qui a marqu\u00e9 ce Jul 13, 2013 Cest dans le hameau h\u00f4telier Les Chalets de Philippe, au Lavancher, que Denis Flota exerce ses talents de chef cuisinier Jun 1, 2018 V\u00e9ritable po\u00e8te des saveurs, Pierre Gagnaire est un homme curieux, sensible, instinctif et \u00e0 l\u00e9coute qui a su \u00e9lever sa cuisine au rang Dec 17, 2016 Avec deux livres \u00e0 son actif: Je ne l\u00e2che rien et Cauchemar en cuisine, le Chef a accept\u00e9 de se pr\u00eater au jeu des questions Portait de Yannick Delpech, un chef \u00e0 qui tout r\u00e9ussit. Des restaurants dans la r\u00e9gion e Toulouse. MAG-Rencontre avec le chef cuisinier Yannick Delpech Mar 17, 2017 Rencontre avec Herv\u00e9 Aubry, Chef cuisinier de lAmbassade de France. Le 21 Mars prochain, lop\u00e9ration Go\u00fbt de Good France rassemblera plus.<\/p>\n","protected":false},"excerpt":{"rendered":"<p>Jan 31, 2013 7. Pourquoi avez vous choisi de faire une exposition sur les pommes. Jai choisi de faire une exposition sur les pommes, parce-que cest la 24 hours ago Mais cette ann\u00e9e, avec la cinqui\u00e8me vague de covid, Damien Roux, chef de La cuisine, \u00e0 Al\u00e8s Photo: Elodie Boschet Objectif Gard 3 days ago. [&hellip;]<\/p>\n","protected":false},"author":1,"featured_media":0,"comment_status":"closed","ping_status":"closed","sticky":false,"template":"","format":"standard","meta":{"footnotes":""},"categories":[],"tags":[],"_links":{"self":[{"href":"http:\/\/syncmasters.net\/journal\/wp-json\/wp\/v2\/posts\/8068"}],"collection":[{"href":"http:\/\/syncmasters.net\/journal\/wp-json\/wp\/v2\/posts"}],"about":[{"href":"http:\/\/syncmasters.net\/journal\/wp-json\/wp\/v2\/types\/post"}],"author":[{"embeddable":true,"href":"http:\/\/syncmasters.net\/journal\/wp-json\/wp\/v2\/users\/1"}],"replies":[{"embeddable":true,"href":"http:\/\/syncmasters.net\/journal\/wp-json\/wp\/v2\/comments?post=8068"}],"version-history":[{"count":0,"href":"http:\/\/syncmasters.net\/journal\/wp-json\/wp\/v2\/posts\/8068\/revisions"}],"wp:attachment":[{"href":"http:\/\/syncmasters.net\/journal\/wp-json\/wp\/v2\/media?parent=8068"}],"wp:term":[{"taxonomy":"category","embeddable":true,"href":"http:\/\/syncmasters.net\/journal\/wp-json\/wp\/v2\/categories?post=8068"},{"taxonomy":"post_tag","embeddable":true,"href":"http:\/\/syncmasters.net\/journal\/wp-json\/wp\/v2\/tags?post=8068"}],"curies":[{"name":"wp","href":"https:\/\/api.w.org\/{rel}","templated":true}]}}