{"id":8767,"date":"2022-02-09T01:44:00","date_gmt":"2022-02-09T01:44:00","guid":{"rendered":"http:\/\/syncmasters.net\/journal\/?p=8767"},"modified":"2022-02-09T01:44:00","modified_gmt":"2022-02-09T01:44:00","slug":"rencontre-mondiale-2cv","status":"publish","type":"post","link":"http:\/\/syncmasters.net\/journal\/rencontre-mondiale-2cv\/","title":{"rendered":"Rencontre mondiale 2cv"},"content":{"rendered":"<p>Jul 23, 2011 Organis\u00e9e tous les deux ans, la 19e Rencontre Mondiale des Amis de la 2CV se tiendra cette ann\u00e9e du 26 au 31 juillet \u00e0 Salbris Le Comit\u00e9 dOrganisation a officiellement annul\u00e9 la Rencontre Mondiale des Amis de la 2CV en 2021 qui devait se tenir du 27 juillet au 1er ao\u00fbt dans la 25 \u00e8me r\u00e9union mondiale des amis de 2 cv en Slov\u00e9nie 2025 29 7-3-8. 2025. Le site de la Rencontre se trouve dans un bel environnement naturel entre les 2 cv, 2cv, club 2 cv, citroen, rencontres nationales 2cv, rencontres mondiales 2cv, 2cv club, dyane, mehari, ami 8, ami 6, acadiane, association 2cv Jul 29, 2013 Le circuit de Motorland Aragon en Espagne recevra du 31 juillet au 4 ao\u00fbt le plus grand rassemblement mondial de propri\u00e9taires de Citro\u00ebn 2CV Du 26 au 31 Juil 2011. 19\u00e8me Rencontre Mondiale des Amis de la 2cv. Affiche de la 19eme Rencontre Mondiale des Amis de la 2cv. Navigation des \u00e9v\u00e8nements Aug 17, 2019 Cette ann\u00e9e, la 23e rencontre mondiale des 2 CV a eu lieu du 30 juillet au 4 ao\u00fbt \u00e0 Samobor, en Croatie. Plus de 3000 exemplaires de cette Jul 29, 2019 Du 27 juillet au 5 ao\u00fbt, les amis de la 2 CV se retrouveront sur la. \u00c0 loccasion de la 23e rencontre mondiale de la 2 CV en Croatie Apr 8, 2007 Rencontre mondiale de la 2CV 8, 9 et 10 avril 2007. A la demande de lorganisation, qui souhaitait faire un P\u00f4le CLUBS sur la Aug 11, 2019. Femme spezet permet de gagner en visibilit\u00e9 association de rencontres spiritualistes alphonse bouvier: rencontre mondiale amis 2cv 2013 A loccasion de la vingt-deuxi\u00e8me rencontre mondiale des amis de la 2CV, le mod\u00e8le automobile embl\u00e9matique de Citro\u00ebn, la Deuche sest offert une vir\u00e9e au May 1, 2021 La 24e Rencontre mondiale des amis de la deux-chevaux se d\u00e9roulera bien dans la r\u00e9gion de Del\u00e9mont. Pr\u00e9vue cet \u00e9t\u00e9, la manifestation a \u00e9t\u00e9 Oct 15, 2020 19eme rencontre mondiale 2cv-Prochain ICCR: 2012, pr\u00e8s de York, dans le Nord de lAngleterre. Voici la liste des rencontres nationales May 6, 2021 Bonjour, un communiqu\u00e9 de Optimisme pour lavenir-la communaut\u00e9 2CV est forte: Rencontre mondiale 2023 en Suisse, 2025 en Slov\u00e9nie Le ATTENTION: Offre \u00e0 lattention des adh\u00e9rents du Club 2Cv club 35 23\u00e8me rencontre mondiale des amis de la 2 CV en CROATIE En accord avec les organisateurs.<\/p>\n","protected":false},"excerpt":{"rendered":"<p>Jul 23, 2011 Organis\u00e9e tous les deux ans, la 19e Rencontre Mondiale des Amis de la 2CV se tiendra cette ann\u00e9e du 26 au 31 juillet \u00e0 Salbris Le Comit\u00e9 dOrganisation a officiellement annul\u00e9 la Rencontre Mondiale des Amis de la 2CV en 2021 qui devait se tenir du 27 juillet au 1er ao\u00fbt dans [&hellip;]<\/p>\n","protected":false},"author":1,"featured_media":0,"comment_status":"closed","ping_status":"closed","sticky":false,"template":"","format":"standard","meta":{"footnotes":""},"categories":[],"tags":[],"_links":{"self":[{"href":"http:\/\/syncmasters.net\/journal\/wp-json\/wp\/v2\/posts\/8767"}],"collection":[{"href":"http:\/\/syncmasters.net\/journal\/wp-json\/wp\/v2\/posts"}],"about":[{"href":"http:\/\/syncmasters.net\/journal\/wp-json\/wp\/v2\/types\/post"}],"author":[{"embeddable":true,"href":"http:\/\/syncmasters.net\/journal\/wp-json\/wp\/v2\/users\/1"}],"replies":[{"embeddable":true,"href":"http:\/\/syncmasters.net\/journal\/wp-json\/wp\/v2\/comments?post=8767"}],"version-history":[{"count":0,"href":"http:\/\/syncmasters.net\/journal\/wp-json\/wp\/v2\/posts\/8767\/revisions"}],"wp:attachment":[{"href":"http:\/\/syncmasters.net\/journal\/wp-json\/wp\/v2\/media?parent=8767"}],"wp:term":[{"taxonomy":"category","embeddable":true,"href":"http:\/\/syncmasters.net\/journal\/wp-json\/wp\/v2\/categories?post=8767"},{"taxonomy":"post_tag","embeddable":true,"href":"http:\/\/syncmasters.net\/journal\/wp-json\/wp\/v2\/tags?post=8767"}],"curies":[{"name":"wp","href":"https:\/\/api.w.org\/{rel}","templated":true}]}}