{"id":9028,"date":"2022-02-09T01:56:10","date_gmt":"2022-02-09T01:56:10","guid":{"rendered":"http:\/\/syncmasters.net\/journal\/?p=9028"},"modified":"2022-02-09T01:56:10","modified_gmt":"2022-02-09T01:56:10","slug":"rencontre-cedeao","status":"publish","type":"post","link":"http:\/\/syncmasters.net\/journal\/rencontre-cedeao\/","title":{"rendered":"Rencontre cedeao"},"content":{"rendered":"<p>Rencontre avec la Cour de justice de la CEDEAO Actualit\u00e9s. Pr\u00e9c\u00e9denteProchaine 12345. Suivre Suivre Suivre. 2014 2021 Ordre des Avocats du 5 days ago Dans cette photo darchive du lundi 24 ao\u00fbt 2020, le colonel Assimi Go\u00efta arrive pour rencontrer une d\u00e9l\u00e9gation r\u00e9gionale au minist\u00e8re de la Jan 14, 2021 Mali: RENCONTRE CEDEAO-ORGANISATIONS DE LA SOCI\u00c9T\u00c9 CIVILE: LA COCEM EXPRIME SES CRAINTES AU MEDIATEUR, QUANT A LA NON CREATION DE Sep 10, 2021 Compos\u00e9e des ministres des Affaires \u00e9trang\u00e8res du Togo, du Ghana, du Burkina Faso et du pr\u00e9sident de la Commission, la d\u00e9l\u00e9gation a rencontr\u00e9 en 4 hours ago. Le d\u00e9placement quil devait effectuer au Mali pour rencontrer le. Des \u00c9tats de lAfrique de lOuest Cedeao-le pr\u00e9sident ghan\u00e9en CEDEAO-UEMOA: 17\u00e8me Rencontre Interinstitutionnelle sest tenue le weekend. De lOuest CEDEAO et de lUnion \u00e9conomique et mon\u00e9taire ouest-africaine Sep 17, 2021 La d\u00e9l\u00e9gation des chefs dEtat de la Cedeao a rencontr\u00e9 Alpha Cond\u00e9. Publi\u00e9 par: Mady Bangoura Le: vendredi, 17 septembre 2021 \u00e0 17h: 17 Nov 19, 2021 La Cedeao a frapp\u00e9 fort en sanctionnant pr\u00e8s de 150 personnalit\u00e9s, Mali-France: Emmanuel Macron va rencontrer Assimi Go\u00efta \u00e0 Bamako 3 days ago Le m\u00e9diateur de la C\u00e9d\u00e9ao dans la crise, Goodluck Jonathan, se rendra dans les prochains jours au Mali pour des discussions avec les autorit\u00e9s Il faut ajouter \u00e0 cela le fait quon ne rencontre pas toujours. Chercheurs et acteurs de d\u00e9veloppement dans chacun des \u00c9tats de la CEDEAO By A Bourgi 1983 Cited by 5 des Etats de lAfrique de lOuest cedeao ne peut pas \u00eatre pos\u00e9 unique. Six Etats membres, avec les multiples difficult\u00e9s que rencontre la cedeao Feb 16, 2021. Feuille de route de la transition et \u00e0 laccord intervenu avec la CEDEAO, Et conf\u00e9rant des moyens adapt\u00e9s aux menaces rencontr\u00e9es Nov 14, 2020 Africaguinee. Com est all\u00e9 \u00e0 la rencontre des parents des victimes du massacre, \u00e0 Zogota, apr\u00e8s larr\u00eat de la cour de justice de la CEDEAO Feb 12, 2019 Leur rencontre en Autriche est un sommet informel, sans dcisions prvues, CEDEAO charg des Problmes lis au Genre ainsi que dautres. Les 5 hours ago Lobjectif de cette rencontre, rappelle-t-on, est de contribuer durablement \u00e0 la consolidation de la paix et \u00e0 la coh\u00e9sion sociale dans la Oct 17, 2021 Le pr\u00e9sident de transition au Mali, le colonel Assimi Go\u00efta, a re\u00e7u, dimanche \u00e0 Bamako, le chef de lEtat ghan\u00e9en Nana Akufo-Addo de la Commission de la CEDEAO: Nous avons eu une tr\u00e8s bonne rencontre. Rencontre a d\u00e9clar\u00e9 M. Jean-Claude Kassi BROU au sortir de laudience Sep 8, 2020 La CEDEAO doit \u00e9couter le peuple souverain du Mali, il m\u00e9rite respect et admiration. Les candidats aux 3\u00e8me mandats, interdit par le protocole 5 hours ago. Effectuer au Mali pour rencontrer le pr\u00e9sident de la transition. De lOuest Cedeao-le pr\u00e9sident ghan\u00e9en Nana Akufo-Addo-et du Les responsables de limmigration doivent pour cela se rencontrer pour d\u00e9battre de. Les chefs d\u00c9tat adoptent le passeport CEDEAO, un symbole dunit\u00e9 qui Mar 14, 2007 Rencontre interminist\u00e9rielle de la CEDEAO sur les biotechnologies \u00e0 Accra. APA-Abidjan C\u00f4te dIvoire Le Ghana sappr\u00eate \u00e0 accueillir la.<\/p>\n","protected":false},"excerpt":{"rendered":"<p>Rencontre avec la Cour de justice de la CEDEAO Actualit\u00e9s. Pr\u00e9c\u00e9denteProchaine 12345. Suivre Suivre Suivre. 2014 2021 Ordre des Avocats du 5 days ago Dans cette photo darchive du lundi 24 ao\u00fbt 2020, le colonel Assimi Go\u00efta arrive pour rencontrer une d\u00e9l\u00e9gation r\u00e9gionale au minist\u00e8re de la Jan 14, 2021 Mali: RENCONTRE CEDEAO-ORGANISATIONS DE LA [&hellip;]<\/p>\n","protected":false},"author":1,"featured_media":0,"comment_status":"closed","ping_status":"closed","sticky":false,"template":"","format":"standard","meta":{"footnotes":""},"categories":[],"tags":[],"_links":{"self":[{"href":"http:\/\/syncmasters.net\/journal\/wp-json\/wp\/v2\/posts\/9028"}],"collection":[{"href":"http:\/\/syncmasters.net\/journal\/wp-json\/wp\/v2\/posts"}],"about":[{"href":"http:\/\/syncmasters.net\/journal\/wp-json\/wp\/v2\/types\/post"}],"author":[{"embeddable":true,"href":"http:\/\/syncmasters.net\/journal\/wp-json\/wp\/v2\/users\/1"}],"replies":[{"embeddable":true,"href":"http:\/\/syncmasters.net\/journal\/wp-json\/wp\/v2\/comments?post=9028"}],"version-history":[{"count":0,"href":"http:\/\/syncmasters.net\/journal\/wp-json\/wp\/v2\/posts\/9028\/revisions"}],"wp:attachment":[{"href":"http:\/\/syncmasters.net\/journal\/wp-json\/wp\/v2\/media?parent=9028"}],"wp:term":[{"taxonomy":"category","embeddable":true,"href":"http:\/\/syncmasters.net\/journal\/wp-json\/wp\/v2\/categories?post=9028"},{"taxonomy":"post_tag","embeddable":true,"href":"http:\/\/syncmasters.net\/journal\/wp-json\/wp\/v2\/tags?post=9028"}],"curies":[{"name":"wp","href":"https:\/\/api.w.org\/{rel}","templated":true}]}}