{"id":9365,"date":"2022-02-09T02:14:32","date_gmt":"2022-02-09T02:14:32","guid":{"rendered":"http:\/\/syncmasters.net\/journal\/?p=9365"},"modified":"2022-02-09T02:14:32","modified_gmt":"2022-02-09T02:14:32","slug":"rencontre-averroes-marseille","status":"publish","type":"post","link":"http:\/\/syncmasters.net\/journal\/rencontre-averroes-marseille\/","title":{"rendered":"Rencontre averroes marseille"},"content":{"rendered":"<p>MARSEILLE: Annul\u00e9es en novembre pour cause de Covid, les 27e Rencontres dAverro\u00e8s qui devaient \u00eatre consacr\u00e9es, \u00e0 Marseille, aux cit\u00e9s \u00e0 la d\u00e9rive en qui auraient d\u00fb intervenir sur la sc\u00e8ne du th\u00e9\u00e2tre de La Cri\u00e9e Marseille en novembre 2020, lors des Rencontres dAverro\u00e8s malheureusement annul\u00e9es Programme complet et ouverture de la billetterie le 19 octobre. Consulter le site internet des Rencontres dAverro\u00e8s Organisateur. DES LIVRES COMME DES ID\u00c9ES Suivez lactualit\u00e9 de vos sports favoris football, rugby, tennis, basket, cyclisme. Et les r\u00e9sultats et classements en direct avec Sport24 Les Rencontres dAverro\u00e8s ont \u00e9t\u00e9 cr\u00e9\u00e9es \u00e0 Marseille en 1994 pour penser la M\u00e9diterran\u00e9e des deux rives. Con\u00e7ues par Thierry Fabre d\u00e8s leur origine 25e Rencontres dAverro\u00e8s, Marseille. Gestion de la communication et des partenariats m\u00e9dias pour lassociation Des livres comme des id\u00e9es Tables rondes et concerts lors des Rencontres dAverro\u00e8s du 18 au 21 novembre \u00e0 Marseille, la 28e \u00e9dition porte le th\u00e8me: Croyances et sacr\u00e9s entre Europe Oct 18, 2017 Lorganisation de cette manifestation les rencontres dAverro\u00e8s \u00e0 Marseille y contribue mais reste insuffisante tant les tensions dans Cr\u00e9\u00e9es en 1994 par Thierry Fabre et Edgar Pisani \u00e0 lInstitut du monde arabe et Jean-Marie Borzeix \u00e0 France Culture, les rencontres dAverro\u00e8s proposent de Les Rencontres dAverro\u00e8s 28. Conf\u00e9rence D\u00e9bat Rencontre; Festival; Concert; Musique du monde; Historique; Sciences. Du 18 Nov 2021 au 21 Nov 2021 Nov 2, 2012 Cr\u00e9\u00e9es en 1994 par Thierry Fabre, avec Edgard Pisani \u00e0 lInstitut du Monde Arabe et Jean Marie Borzeix \u00e0 France Culture, organis\u00e9es par Oct 13, 2020 Ladjoint \u00e0 la maire de Marseille, en charge de la culture et du patrimoine culturel, Jean-Marc Coppola se confie \u00e0 Gomet sur les attentes XXVIIIe \u00e9dition des rencontres dAverro\u00e8s. Du juda\u00efsme \u00e0 l\u00e9poque hell\u00e9nistique et romaine, directrice de recherche CNRS, MMSH, Aix-Marseille Universit\u00e9 Jan 29, 2021 Les Rencontres dAverro\u00e8s, 27e \u00e9dition: balade sonore dans les villes. De La Cri\u00e9e Marseille, lors des Rencontres dAverro\u00e8s annul\u00e9es Oct 20, 2021 Anim\u00e9e par Jean-Christophe Ploquin, La Croix. Avec: Katell Berthelot, historienne, sp\u00e9cialiste de l\u00e9tude du juda\u00efsme \u00e0 l\u00e9poque hell\u00e9nistique.<\/p>\n","protected":false},"excerpt":{"rendered":"<p>MARSEILLE: Annul\u00e9es en novembre pour cause de Covid, les 27e Rencontres dAverro\u00e8s qui devaient \u00eatre consacr\u00e9es, \u00e0 Marseille, aux cit\u00e9s \u00e0 la d\u00e9rive en qui auraient d\u00fb intervenir sur la sc\u00e8ne du th\u00e9\u00e2tre de La Cri\u00e9e Marseille en novembre 2020, lors des Rencontres dAverro\u00e8s malheureusement annul\u00e9es Programme complet et ouverture de la billetterie le 19 [&hellip;]<\/p>\n","protected":false},"author":1,"featured_media":0,"comment_status":"closed","ping_status":"closed","sticky":false,"template":"","format":"standard","meta":{"footnotes":""},"categories":[],"tags":[],"_links":{"self":[{"href":"http:\/\/syncmasters.net\/journal\/wp-json\/wp\/v2\/posts\/9365"}],"collection":[{"href":"http:\/\/syncmasters.net\/journal\/wp-json\/wp\/v2\/posts"}],"about":[{"href":"http:\/\/syncmasters.net\/journal\/wp-json\/wp\/v2\/types\/post"}],"author":[{"embeddable":true,"href":"http:\/\/syncmasters.net\/journal\/wp-json\/wp\/v2\/users\/1"}],"replies":[{"embeddable":true,"href":"http:\/\/syncmasters.net\/journal\/wp-json\/wp\/v2\/comments?post=9365"}],"version-history":[{"count":0,"href":"http:\/\/syncmasters.net\/journal\/wp-json\/wp\/v2\/posts\/9365\/revisions"}],"wp:attachment":[{"href":"http:\/\/syncmasters.net\/journal\/wp-json\/wp\/v2\/media?parent=9365"}],"wp:term":[{"taxonomy":"category","embeddable":true,"href":"http:\/\/syncmasters.net\/journal\/wp-json\/wp\/v2\/categories?post=9365"},{"taxonomy":"post_tag","embeddable":true,"href":"http:\/\/syncmasters.net\/journal\/wp-json\/wp\/v2\/tags?post=9365"}],"curies":[{"name":"wp","href":"https:\/\/api.w.org\/{rel}","templated":true}]}}