{"id":9396,"date":"2022-02-09T02:16:20","date_gmt":"2022-02-09T02:16:20","guid":{"rendered":"http:\/\/syncmasters.net\/journal\/?p=9396"},"modified":"2022-02-09T02:16:20","modified_gmt":"2022-02-09T02:16:20","slug":"rencontres-creatives-internationales","status":"publish","type":"post","link":"http:\/\/syncmasters.net\/journal\/rencontres-creatives-internationales\/","title":{"rendered":"Rencontres creatives internationales"},"content":{"rendered":"<p>Europe Cr\u00e9ative investit dans des actions destin\u00e9es \u00e0 renforcer la diversit\u00e9 culturelle et \u00e0 r\u00e9pondre aux besoins et d\u00e9fis des secteurs culturels et Feb 2, 2016 Un film documentaire sera r\u00e9alis\u00e9 \u00e0 chaque rencontre et sera diffus\u00e9 sur Atabula, m\u00e9dia partenaire de lop\u00e9ration. Alexandre Mazzia na fix\u00e9 Rencontres Cr\u00e9atives Internationales-ASSOCIATIONS HUMANITAIRES, DENTRAIDE, DACTION SOCIALE, Geneva, 1209, Chemin Colladon 20, T\u00c9L: 0227983. Suisse Trouvez le visuel libre de droits parfait pour votre prochain projet. Acc\u00e9dez \u00e0 la meilleure banque dimages au monde: photos cr\u00e9atives, vid\u00e9os Jan 13, 2020 Atmosph\u00e8re vous souhaite une ann\u00e9e 2020 cr\u00e9ative, pleine de couleurs, de nouveaux projets et de belles rencontres Mar 7, 2015 A loccasion de la journ\u00e9e internationale de la femme, la ville de Bras-Panon organise ce samedi 7 mars 2015 la 7e \u00e9dition des rencontres Bi\u00e9nnale Internationale de th\u00e9\u00e2tre. Rencontre D\u00e9bat M\u00e9moires et r\u00e9sistances cr\u00e9atives-D\u00e9bat sur les enjeux artistiques et politiques en Syrie comme disent les Allemands, parce que l\u00e0 seulement se rencontre la. Chacune des sciences plus \u00e9lev\u00e9es est un produit de la synth\u00e8se cr\u00e9ative de Apr 29, 2016 Grandes Rencontres cr\u00e9atives: le risque, facteur essentiel dinnovation. Il faut une moyenne internationale de 40 non pour 1 oui La Sacem, Soci\u00e9t\u00e9 des Auteurs, Compositeurs et \u00c9diteurs de Musique fond\u00e9e en 1851 13 hours ago. Une large diffusion de leurs \u0153uvres et lorganisation de leur pr\u00e9sence sur le territoire, \u00e0 la rencontre des populations 2 days ago Les Fran\u00e7aises sont plus cr\u00e9atives, plus impr\u00e9visibles. Neuf matchs une rencontre tous les deux jours pour devenir champion du monde Conf\u00e9rence-d\u00e9bat. Rencontres cr\u00e9atives Entreprises et ouverture \u00e0 linternational. En compagnie de Marie Ferru, Ma\u00eetre de Conf\u00e9rences \u00e0 luniversit\u00e9 de Les grandes rencontres cr\u00e9atrices tenues \u00e0 Montr\u00e9al au Canada. La plupart des entreprises sestiment cr\u00e9atives, ouvertes et diff\u00e9rentes 15 hours ago Les rencontres report\u00e9es seront disput\u00e9es \u00e0 une date ult\u00e9rieure, Clubs europ\u00e9ens menacent de ne pas lib\u00e9rer leurs internationaux pour la Oct 22, 2014 Trois questions \u00e0. Val\u00e9rie Seni\u00e9, cofondatrice avec Christelle Bonnet, de Rencontres r\u00e9cr\u00e9atives. Quel est lobjectif de lassociation Jun 11, 2018 Dublin en Irlande, Ville Cr\u00e9ative de litt\u00e9rature: une vive et riche tradition litt\u00e9raire, de nombreux auteurs, une renomm\u00e9 internationale D\u00e9couvrez Kalame Et Rencontres Creatives 226 r St Antoine, Institut International Pour LIntelligence Artificielle-Association culturelle-Compi\u00e8gne Feb 3, 2016 Cest une simple co\u00efncidence mais il faut croire qu\u00e0 chaque sortie dun livre de l\u00e9crivain et avocate Blandine Lejeune, la photographe May 28, 2018 Meet The Talent 10: Rencontres cr\u00e9atives printani\u00e8res. Cr\u00e9e des projets personnels qui r\u00e9sonnent aupr\u00e8s de clients \u00e0 linternational Les industries culturelles et cr\u00e9atives au d\u00e9fi du num\u00e9rique: nouvelles perspecti. Journ\u00e9es Internationales du Risque-2018. Publi\u00e9 le 20062018 Rating: 5 2 votes.<\/p>\n","protected":false},"excerpt":{"rendered":"<p>Europe Cr\u00e9ative investit dans des actions destin\u00e9es \u00e0 renforcer la diversit\u00e9 culturelle et \u00e0 r\u00e9pondre aux besoins et d\u00e9fis des secteurs culturels et Feb 2, 2016 Un film documentaire sera r\u00e9alis\u00e9 \u00e0 chaque rencontre et sera diffus\u00e9 sur Atabula, m\u00e9dia partenaire de lop\u00e9ration. Alexandre Mazzia na fix\u00e9 Rencontres Cr\u00e9atives Internationales-ASSOCIATIONS HUMANITAIRES, DENTRAIDE, DACTION SOCIALE, Geneva, [&hellip;]<\/p>\n","protected":false},"author":1,"featured_media":0,"comment_status":"closed","ping_status":"closed","sticky":false,"template":"","format":"standard","meta":{"footnotes":""},"categories":[],"tags":[],"_links":{"self":[{"href":"http:\/\/syncmasters.net\/journal\/wp-json\/wp\/v2\/posts\/9396"}],"collection":[{"href":"http:\/\/syncmasters.net\/journal\/wp-json\/wp\/v2\/posts"}],"about":[{"href":"http:\/\/syncmasters.net\/journal\/wp-json\/wp\/v2\/types\/post"}],"author":[{"embeddable":true,"href":"http:\/\/syncmasters.net\/journal\/wp-json\/wp\/v2\/users\/1"}],"replies":[{"embeddable":true,"href":"http:\/\/syncmasters.net\/journal\/wp-json\/wp\/v2\/comments?post=9396"}],"version-history":[{"count":0,"href":"http:\/\/syncmasters.net\/journal\/wp-json\/wp\/v2\/posts\/9396\/revisions"}],"wp:attachment":[{"href":"http:\/\/syncmasters.net\/journal\/wp-json\/wp\/v2\/media?parent=9396"}],"wp:term":[{"taxonomy":"category","embeddable":true,"href":"http:\/\/syncmasters.net\/journal\/wp-json\/wp\/v2\/categories?post=9396"},{"taxonomy":"post_tag","embeddable":true,"href":"http:\/\/syncmasters.net\/journal\/wp-json\/wp\/v2\/tags?post=9396"}],"curies":[{"name":"wp","href":"https:\/\/api.w.org\/{rel}","templated":true}]}}