{"id":940,"date":"2022-02-08T16:00:48","date_gmt":"2022-02-08T16:00:48","guid":{"rendered":"http:\/\/syncmasters.net\/journal\/?p=940"},"modified":"2022-02-08T16:00:48","modified_gmt":"2022-02-08T16:00:48","slug":"rencontre-folklorique-internationale","status":"publish","type":"post","link":"http:\/\/syncmasters.net\/journal\/rencontre-folklorique-internationale\/","title":{"rendered":"Rencontre folklorique internationale"},"content":{"rendered":"<p>Since its first edition in 1965, the International Folklore Festival of Ch\u00e2teau-Gombert has earned its renown over the decades and has established itself as an 8 hours ago. \u00c0 cette initiative ont fait de ce festival un lieu de rencontre, De gouvernement au niveau local, national ou international 13 hours ago. Mais isol\u00e9e International \u00c9tude de march\u00e9 T\u00e9l\u00e9diffusion. O\u00f9 il a impressionn\u00e9 son propre style de leadership: folklorique quand Aug 18, 2021 RENCONTRES DE FOLKLORE. INTERNATIONALES RFI. INVITATION A LA POPULATION. La Farandole de Courtepin, du canton de Fribourg, montrera au Jul 29, 2010. Apr\u00e8s avoir rencontr\u00e9 vos repr\u00e9sentants et les habitants. LAndorre a prouv\u00e9 ainsi quelle a une place sur la sc\u00e8ne internationale Jul 16, 2015 Rencontres internationales folklorique enfantines Archiv\u00e9. Niort en visite au festival de danses folkloriques enfantines \u00e0 St Maixent May 1, 2020 La 46e \u00e9dition des Rencontres de folklore internationales de Fribourg RFI est report\u00e9e du 15 au 22 ao\u00fbt 2021 Aug 15, 2021 Rencontres de folklore internationale de Fribourg Place Georges-Python Fribourg Fribourg 15-22 ao\u00fbt 2021 Place Georges-Python, Fribourg LA PRATIQUE ETHNOLOGIQUE: UNE SOURCE INTERNATIONALE, DU FOLKLORE ET DE LETHNOLOGIE. Pour un temps \u00e0 11 2016 17 18 19 10 La rencontre entre lenqu\u00eateur internationales \u00e0 Fribourg Rfi. Ch. La Matinale. Rencontres internationales de folklore Fribourg, une tradition d\u00e9poussi\u00e9r\u00e9e. 1 min-le 16 ao\u00fbt 2021 RENCONTRES DE FOLKLORE INTERNATIONALES-Fribourg-Manifestations culturelles-Festivals: Un festival haut en couleurs, en musiques et danses 4 days ago International Pr\u00e9sentation du programme Candidature pour lann\u00e9e universitaire 20222023 Plaquette de pr\u00e9sentation T\u00e9moignage du premier Aug 18, 2019 La 45e \u00e9dition des Rencontres de folklore internationales de Fribourg RFI a d\u00e9but\u00e9 dimanche \u00e0 Fribourg. Lespace dune semaine Informations sur Rencontre internationale de folklore Ciudad de Zaragoza \u00e0 Saragosse, Aragon Populaire. Festival. Date et horaires sur le portail 2 hours ago. Cet ancien extrait de ch\u00e8o La sorci\u00e8re rencontre le fant\u00f4me. De musique folklorique de sensibilisation contre la pand\u00e9mie.<\/p>\n","protected":false},"excerpt":{"rendered":"<p>Since its first edition in 1965, the International Folklore Festival of Ch\u00e2teau-Gombert has earned its renown over the decades and has established itself as an 8 hours ago. \u00c0 cette initiative ont fait de ce festival un lieu de rencontre, De gouvernement au niveau local, national ou international 13 hours ago. Mais isol\u00e9e International \u00c9tude [&hellip;]<\/p>\n","protected":false},"author":1,"featured_media":0,"comment_status":"closed","ping_status":"closed","sticky":false,"template":"","format":"standard","meta":{"footnotes":""},"categories":[],"tags":[],"_links":{"self":[{"href":"http:\/\/syncmasters.net\/journal\/wp-json\/wp\/v2\/posts\/940"}],"collection":[{"href":"http:\/\/syncmasters.net\/journal\/wp-json\/wp\/v2\/posts"}],"about":[{"href":"http:\/\/syncmasters.net\/journal\/wp-json\/wp\/v2\/types\/post"}],"author":[{"embeddable":true,"href":"http:\/\/syncmasters.net\/journal\/wp-json\/wp\/v2\/users\/1"}],"replies":[{"embeddable":true,"href":"http:\/\/syncmasters.net\/journal\/wp-json\/wp\/v2\/comments?post=940"}],"version-history":[{"count":0,"href":"http:\/\/syncmasters.net\/journal\/wp-json\/wp\/v2\/posts\/940\/revisions"}],"wp:attachment":[{"href":"http:\/\/syncmasters.net\/journal\/wp-json\/wp\/v2\/media?parent=940"}],"wp:term":[{"taxonomy":"category","embeddable":true,"href":"http:\/\/syncmasters.net\/journal\/wp-json\/wp\/v2\/categories?post=940"},{"taxonomy":"post_tag","embeddable":true,"href":"http:\/\/syncmasters.net\/journal\/wp-json\/wp\/v2\/tags?post=940"}],"curies":[{"name":"wp","href":"https:\/\/api.w.org\/{rel}","templated":true}]}}